{"id":1504,"date":"2022-03-15T14:54:20","date_gmt":"2022-03-15T13:54:20","guid":{"rendered":"https:\/\/www.omediaparis.com\/?p=1504"},"modified":"2024-07-11T00:57:20","modified_gmt":"2024-07-10T22:57:20","slug":"face-au-digital-le-papier-a-t-il-perdu-la-bataille","status":"publish","type":"post","link":"https:\/\/www.omediaparis.com\/fr\/face-au-digital-le-papier-a-t-il-perdu-la-bataille\/","title":{"rendered":"Face au digital, le papier a t-il perdu la bataille ?"},"content":{"rendered":"\t\t<div data-elementor-type=\"wp-post\" data-elementor-id=\"1504\" class=\"elementor elementor-1504\" data-elementor-post-type=\"post\">\n\t\t\t\t<div class=\"elementor-element elementor-element-b05045a e-flex e-con-boxed e-con e-parent\" data-id=\"b05045a\" data-element_type=\"container\" data-settings=\"{&quot;background_background&quot;:&quot;classic&quot;}\">\n\t\t\t\t\t<div class=\"e-con-inner\">\n\t\t<div class=\"elementor-element elementor-element-c1ff7bc e-con-full e-flex e-con e-child\" data-id=\"c1ff7bc\" data-element_type=\"container\">\n\t\t<div class=\"elementor-element elementor-element-32dc1af e-con-full e-flex e-con e-child\" data-id=\"32dc1af\" data-element_type=\"container\">\n\t\t\t\t<div class=\"elementor-element elementor-element-95b272a elementor-widget elementor-widget-heading\" data-id=\"95b272a\" data-element_type=\"widget\" data-widget_type=\"heading.default\">\n\t\t\t\t<div class=\"elementor-widget-container\">\n\t\t\t\t\t<h2 class=\"elementor-heading-title elementor-size-default\">15<\/h2>\t\t\t\t<\/div>\n\t\t\t\t<\/div>\n\t\t\t\t<div class=\"elementor-element elementor-element-83b1755 elementor-widget elementor-widget-heading\" data-id=\"83b1755\" data-element_type=\"widget\" data-widget_type=\"heading.default\">\n\t\t\t\t<div class=\"elementor-widget-container\">\n\t\t\t\t\t<h2 class=\"elementor-heading-title elementor-size-default\">mars<\/h2>\t\t\t\t<\/div>\n\t\t\t\t<\/div>\n\t\t\t\t<\/div>\n\t\t<div class=\"elementor-element elementor-element-79354ca e-con-full e-flex e-con e-child\" data-id=\"79354ca\" data-element_type=\"container\">\n\t\t\t\t<div class=\"elementor-element elementor-element-5ed33c7 elementor-widget elementor-widget-heading\" data-id=\"5ed33c7\" data-element_type=\"widget\" data-widget_type=\"heading.default\">\n\t\t\t\t<div class=\"elementor-widget-container\">\n\t\t\t\t\t<h2 class=\"elementor-heading-title elementor-size-default\">Face au digital, le papier a t-il perdu la bataille ?<\/h2>\t\t\t\t<\/div>\n\t\t\t\t<\/div>\n\t\t\t\t<div class=\"elementor-element elementor-element-e8a419e elementor-widget elementor-widget-text-editor\" data-id=\"e8a419e\" data-element_type=\"widget\" data-widget_type=\"text-editor.default\">\n\t\t\t\t<div class=\"elementor-widget-container\">\n\t\t\t\t\t\t\t\t\tLe papier est-il en voie de disparition et l\u2019\u00e8re num\u00e9rique en passe de gagner la bataille ? Ne trouvera t-on bient\u00f4t plus de journaux, de livres physiques, mais seulement des lignes de code et des mots align\u00e9s sur \u00e9crans ? Rien n\u2019est moins s\u00fbr car Gutenberg n\u2019a pas dit son dernier mot.\t\t\t\t\t\t\t\t<\/div>\n\t\t\t\t<\/div>\n\t\t\t\t<\/div>\n\t\t\t\t<\/div>\n\t\t<div class=\"elementor-element elementor-element-ca04575 e-con-full e-flex e-con e-child\" data-id=\"ca04575\" data-element_type=\"container\" data-settings=\"{&quot;position&quot;:&quot;absolute&quot;}\">\n\t\t<div class=\"elementor-element elementor-element-d5f4f9a e-con-full e-flex e-con e-child\" data-id=\"d5f4f9a\" data-element_type=\"container\">\n\t\t\t\t<\/div>\n\t\t<div class=\"elementor-element elementor-element-f91f6e0 e-con-full e-flex e-con e-child\" data-id=\"f91f6e0\" data-element_type=\"container\">\n\t\t\t\t<div class=\"elementor-element elementor-element-3c5a741 elementor-widget elementor-widget-text-editor\" data-id=\"3c5a741\" data-element_type=\"widget\" data-widget_type=\"text-editor.default\">\n\t\t\t\t<div class=\"elementor-widget-container\">\n\t\t\t\t\t\t\t\t\t<p><strong> Temps de lecture :<\/strong> 3 minutes<\/p>\t\t\t\t\t\t\t\t<\/div>\n\t\t\t\t<\/div>\n\t\t\t\t<div class=\"elementor-element elementor-element-ad9898d elementor-share-buttons--view-icon elementor-share-buttons--skin-framed elementor-share-buttons--color-custom elementor-share-buttons--shape-square elementor-grid-0 elementor-widget elementor-widget-share-buttons\" data-id=\"ad9898d\" data-element_type=\"widget\" data-widget_type=\"share-buttons.default\">\n\t\t\t\t<div class=\"elementor-widget-container\">\n\t\t\t\t\t\t\t<div class=\"elementor-grid\" role=\"list\">\n\t\t\t\t\t\t\t\t<div class=\"elementor-grid-item\" role=\"listitem\">\n\t\t\t\t\t\t<div class=\"elementor-share-btn elementor-share-btn_facebook\" role=\"button\" tabindex=\"0\" aria-label=\"Share on facebook\">\n\t\t\t\t\t\t\t\t\t\t\t\t\t\t\t<span class=\"elementor-share-btn__icon\">\n\t\t\t\t\t\t\t\t<svg aria-hidden=\"true\" class=\"e-font-icon-svg e-fab-facebook\" viewBox=\"0 0 512 512\" xmlns=\"http:\/\/www.w3.org\/2000\/svg\"><path d=\"M504 256C504 119 393 8 256 8S8 119 8 256c0 123.78 90.69 226.38 209.25 245V327.69h-63V256h63v-54.64c0-62.15 37-96.48 93.67-96.48 27.14 0 55.52 4.84 55.52 4.84v61h-31.28c-30.8 0-40.41 19.12-40.41 38.73V256h68.78l-11 71.69h-57.78V501C413.31 482.38 504 379.78 504 256z\"><\/path><\/svg>\t\t\t\t\t\t\t<\/span>\n\t\t\t\t\t\t\t\t\t\t\t\t\t\t\t\t\t\t\t\t<\/div>\n\t\t\t\t\t<\/div>\n\t\t\t\t\t\t\t\t\t<div class=\"elementor-grid-item\" role=\"listitem\">\n\t\t\t\t\t\t<div class=\"elementor-share-btn elementor-share-btn_twitter\" role=\"button\" tabindex=\"0\" aria-label=\"Share on twitter\">\n\t\t\t\t\t\t\t\t\t\t\t\t\t\t\t<span class=\"elementor-share-btn__icon\">\n\t\t\t\t\t\t\t\t<svg aria-hidden=\"true\" class=\"e-font-icon-svg e-fab-twitter\" viewBox=\"0 0 512 512\" xmlns=\"http:\/\/www.w3.org\/2000\/svg\"><path d=\"M459.37 151.716c.325 4.548.325 9.097.325 13.645 0 138.72-105.583 298.558-298.558 298.558-59.452 0-114.68-17.219-161.137-47.106 8.447.974 16.568 1.299 25.34 1.299 49.055 0 94.213-16.568 130.274-44.832-46.132-.975-84.792-31.188-98.112-72.772 6.498.974 12.995 1.624 19.818 1.624 9.421 0 18.843-1.3 27.614-3.573-48.081-9.747-84.143-51.98-84.143-102.985v-1.299c13.969 7.797 30.214 12.67 47.431 13.319-28.264-18.843-46.781-51.005-46.781-87.391 0-19.492 5.197-37.36 14.294-52.954 51.655 63.675 129.3 105.258 216.365 109.807-1.624-7.797-2.599-15.918-2.599-24.04 0-57.828 46.782-104.934 104.934-104.934 30.213 0 57.502 12.67 76.67 33.137 23.715-4.548 46.456-13.32 66.599-25.34-7.798 24.366-24.366 44.833-46.132 57.827 21.117-2.273 41.584-8.122 60.426-16.243-14.292 20.791-32.161 39.308-52.628 54.253z\"><\/path><\/svg>\t\t\t\t\t\t\t<\/span>\n\t\t\t\t\t\t\t\t\t\t\t\t\t\t\t\t\t\t\t\t<\/div>\n\t\t\t\t\t<\/div>\n\t\t\t\t\t\t\t\t\t<div class=\"elementor-grid-item\" role=\"listitem\">\n\t\t\t\t\t\t<div class=\"elementor-share-btn elementor-share-btn_linkedin\" role=\"button\" tabindex=\"0\" aria-label=\"Share on linkedin\">\n\t\t\t\t\t\t\t\t\t\t\t\t\t\t\t<span class=\"elementor-share-btn__icon\">\n\t\t\t\t\t\t\t\t<svg aria-hidden=\"true\" class=\"e-font-icon-svg e-fab-linkedin\" viewBox=\"0 0 448 512\" xmlns=\"http:\/\/www.w3.org\/2000\/svg\"><path d=\"M416 32H31.9C14.3 32 0 46.5 0 64.3v383.4C0 465.5 14.3 480 31.9 480H416c17.6 0 32-14.5 32-32.3V64.3c0-17.8-14.4-32.3-32-32.3zM135.4 416H69V202.2h66.5V416zm-33.2-243c-21.3 0-38.5-17.3-38.5-38.5S80.9 96 102.2 96c21.2 0 38.5 17.3 38.5 38.5 0 21.3-17.2 38.5-38.5 38.5zm282.1 243h-66.4V312c0-24.8-.5-56.7-34.5-56.7-34.6 0-39.9 27-39.9 54.9V416h-66.4V202.2h63.7v29.2h.9c8.9-16.8 30.6-34.5 62.9-34.5 67.2 0 79.7 44.3 79.7 101.9V416z\"><\/path><\/svg>\t\t\t\t\t\t\t<\/span>\n\t\t\t\t\t\t\t\t\t\t\t\t\t\t\t\t\t\t\t\t<\/div>\n\t\t\t\t\t<\/div>\n\t\t\t\t\t\t\t\t\t<div class=\"elementor-grid-item\" role=\"listitem\">\n\t\t\t\t\t\t<div class=\"elementor-share-btn elementor-share-btn_email\" role=\"button\" tabindex=\"0\" aria-label=\"Share on email\">\n\t\t\t\t\t\t\t\t\t\t\t\t\t\t\t<span class=\"elementor-share-btn__icon\">\n\t\t\t\t\t\t\t\t<svg aria-hidden=\"true\" class=\"e-font-icon-svg e-fas-envelope\" viewBox=\"0 0 512 512\" xmlns=\"http:\/\/www.w3.org\/2000\/svg\"><path d=\"M502.3 190.8c3.9-3.1 9.7-.2 9.7 4.7V400c0 26.5-21.5 48-48 48H48c-26.5 0-48-21.5-48-48V195.6c0-5 5.7-7.8 9.7-4.7 22.4 17.4 52.1 39.5 154.1 113.6 21.1 15.4 56.7 47.8 92.2 47.6 35.7.3 72-32.8 92.3-47.6 102-74.1 131.6-96.3 154-113.7zM256 320c23.2.4 56.6-29.2 73.4-41.4 132.7-96.3 142.8-104.7 173.4-128.7 5.8-4.5 9.2-11.5 9.2-18.9v-19c0-26.5-21.5-48-48-48H48C21.5 64 0 85.5 0 112v19c0 7.4 3.4 14.3 9.2 18.9 30.6 23.9 40.7 32.4 173.4 128.7 16.8 12.2 50.2 41.8 73.4 41.4z\"><\/path><\/svg>\t\t\t\t\t\t\t<\/span>\n\t\t\t\t\t\t\t\t\t\t\t\t\t\t\t\t\t\t\t\t<\/div>\n\t\t\t\t\t<\/div>\n\t\t\t\t\t\t<\/div>\n\t\t\t\t\t\t<\/div>\n\t\t\t\t<\/div>\n\t\t\t\t<\/div>\n\t\t\t\t<\/div>\n\t\t\t\t\t<\/div>\n\t\t\t\t<\/div>\n\t\t<div class=\"elementor-element elementor-element-8a47be2 e-flex e-con-boxed e-con e-parent\" data-id=\"8a47be2\" data-element_type=\"container\">\n\t\t\t\t\t<div class=\"e-con-inner\">\n\t\t\t\t<div class=\"elementor-element elementor-element-d9bdad5 elementor-widget elementor-widget-text-editor\" data-id=\"d9bdad5\" data-element_type=\"widget\" data-widget_type=\"text-editor.default\">\n\t\t\t\t<div class=\"elementor-widget-container\">\n\t\t\t\t\t\t\t\t\t<p>\u00a9 Cr\u00e9ation et r\u00e9alisation par Omedia du livre patrimonial Madame Avant-Garde pour Helena Rubinstein<\/p>\t\t\t\t\t\t\t\t<\/div>\n\t\t\t\t<\/div>\n\t\t\t\t<div class=\"elementor-element elementor-element-f2c445e elementor-widget elementor-widget-text-editor\" data-id=\"f2c445e\" data-element_type=\"widget\" data-widget_type=\"text-editor.default\">\n\t\t\t\t<div class=\"elementor-widget-container\">\n\t\t\t\t\t\t\t\t\t<p>La t\u00e9l\u00e9vision n\u2019a pas tu\u00e9 la radio, Internet n\u2019a pas eu raison de la t\u00e9l\u00e9, le digital aura t-il la peau du papier ? Rien n\u2019est moins s\u00fbr. Chaque nouveau support r\u00e9invente les fa\u00e7ons de communiquer, les enrichit et d\u00e9place les fronti\u00e8res. La voie d\u2019une cohabitation forc\u00e9e mais apais\u00e9e peut s\u2019envisager, comme chacun d\u2019entre nous m\u00eale \u00e0 loisir, pour s\u2019informer, presse \u00e9crite, radio, internet et t\u00e9l\u00e9vision. Il s\u2019agit plut\u00f4t de voir comment chaque canal s\u2019est sp\u00e9cialis\u00e9 ; qui de la voix, de l\u2019image, de l\u2019audio ou de la vid\u00e9o, de la r\u00e9alit\u00e9 immersive ou des interactions en direct tire son \u00e9pingle du jeu face \u00e0 tel ou tel public, en fonction du message v\u00e9hicul\u00e9, de la cat\u00e9gorie de consommateur vis\u00e9, de la r\u00e9sonance souhait\u00e9e.<\/p><p>Alors qu\u2019on pr\u00e9disait un avenir assombri pour le livre, l\u2019\u00e8re post-covid semble traduire le contraire : les ventes de livres ont fortement augment\u00e9, et pas seulement durant le premier confinement. La tendance amorc\u00e9e semble se p\u00e9renniser : en 2021, les ventes de livres ont bondi de 19% en France par rapport \u00e0 2019 ; un engouement port\u00e9 par les mangas, la BD et rench\u00e9ri par le pass culture jeune. Mais qu\u2019importe la fa\u00e7on, la r\u00e9alit\u00e9 est l\u00e0 : on lit toujours, on lit encore, et sur des pages que l\u2019on tourne \u00e0 la main. Une croissance constitu\u00e9e \u00e0 80% de supports papier, le reste pour les livres num\u00e9riques qui ne connaissent toujours pas la position dominante attendue (avec m\u00eame un l\u00e9ger recul des ventes en 2021).<\/p><blockquote><p>\u00ab En 2021, les ventes de livres ont bondi de 19% en France par rapport \u00e0 2019. \u00bb<\/p><\/blockquote><p>Des tables de la Loi aux tablettes portables, l\u2019histoire est-elle un \u00e9ternel recommencement ? Quelle place encore pour le livre, le magazine, la revue et quel rapport sensitif accordons-nous aux supports qui nous informent et nous instruisent ? Le tactile sans chaleur et sans odeur, canal froid et imperm\u00e9able au temps ? Le papier forc\u00e9ment p\u00e9rissable, d\u00e9pass\u00e9, caduque ?<\/p><p>C\u2019est une question d\u2019usage. Au consommable \u00ab jetable \u00bb, on pr\u00e9f\u00e8re le num\u00e9rique, la liseuse, le t\u00e9l\u00e9chargement compulsif, du moins illimit\u00e9. Mais pour ce qui est de conserver, lire et relire, de transmettre, de montrer, et de durer, le papier demeure.<\/p><h3>CE QUI S\u2019IMPRIME DEMEURE\u2026<\/h3><p>On assiste en effet au renouveau des formats papier, longs, illustr\u00e9s. Mais dans une cat\u00e9gorie plus \u00ab premium \u00bb. Les magazines papier des grandes marques convoquent ainsi les meilleurs illustrateurs et journalistes, des plumes aguerries et des photographes cot\u00e9s. Que ce soit dans l\u2019art de vivre ou l\u2019industrie, on s\u2019applique \u00e0 formuler de beaux magazines, \u00e9ditorialis\u00e9s, qui ont l\u2019avantage de perdurer et de pouvoir se garder pr\u00e8s de soi.<\/p><p>Rel\u00e9gu\u00e9 au luxe ou assimil\u00e9, le papier monte en gamme. \u00ab Les magazines d\u2019entreprise s\u2019habillent de belles couvertures, et font appel, pour leur r\u00e9alisation, aux directeurs artistiques les plus pointus, aux plumes les plus aiguis\u00e9es \u00bb pr\u00e9cise J\u00e9r\u00f4me Hue de l\u2019agence Omedia Paris, sp\u00e9cialis\u00e9e dans le luxe.<\/p><p>Les magazines internes prennent de l\u2019\u00e9paisseur, et les marques de luxe notamment soignent leur pr\u00e9sentation, n\u2019h\u00e9sitant pas \u00e0 investir une large partie de leur budget communication dans ce m\u00e9dia traditionnel. Qui plus est en \u00e9tant de plus en plus attentives \u00e0 l\u2019impact environnemental de leurs publications. \u00ab Pour notre part, explique J\u00e9r\u00f4me Hue d\u2019Omedia Paris, nous utilisons exclusivement du papier recycl\u00e9 pour toutes nos publications \u00bb.<\/p><p>Les sempiternelles cartes de v\u0153ux prennent aussi le pouls de cette r\u00e9sistance : les Maisons les plus chic reviennent au papier (ou ne l\u2019abandonnent pas), parant leurs cartes de v\u0153ux d\u2019un design moderne, recherch\u00e9, o\u00f9 couleur, esth\u00e9tique, conscience environnementale, forme et mati\u00e8re renvoient \u00e0 l\u2019ADN de la marque. Plus intime, moins informelle qu\u2019un lien envoy\u00e9 par mail, la \u00ab vraie \u00bb carte de v\u0153ux envoy\u00e9e \u00e0 domicile dans une belle enveloppe timbr\u00e9e, si possible calligraphi\u00e9e \u00e0 la main, aux quelques mots manuscrits ou du moins sign\u00e9s de l\u2019exp\u00e9diteur, prend du galon et gagne ses lettres de noblesse. Noy\u00e9 parmi la cohorte de mails quotidiens, le mail de v\u0153ux risque fort de conna\u00eetre le m\u00eame destin que le Titanic : un naufrage. Parfois m\u00eame ne sera t-il seulement pas lu.<\/p><h3>LE PAPIER \u00ab IMPRIME \u00bb LA MARQUE !<\/h3><p>En somme, le chic s\u2019\u00e9crit, se touche, se palpe, se conserve et s\u2019expose. Qui n\u2019a jamais laiss\u00e9 tra\u00eener un beau livre sur une table basse ? De m\u00eame on gardera un beau magazine, et la marque restera ainsi longtemps mat\u00e9rialis\u00e9e, ancr\u00e9e dans les esprits et le mobilier de son destinataire. Car l\u2019un des (nombreux) atouts du papier r\u00e9side aussi dans son foisonnant champ de r\u00e9alisations : d\u00e9coupe, gaufrage, dorure, s\u00e9rigraphie, effets textures, tout ou presque est possible avec le papier, qui permet de diff\u00e9rencier chaque marque et de mat\u00e9rialiser son identit\u00e9 par des marqueurs esth\u00e9tiques forts.<\/p><p>Les marques se racontent, ce n\u2019est pas un fait nouveau, et d\u00e9sormais s\u2019exposent, donnent \u00e0 voir et font voir pour se faire voir. Au grand public mais aussi aux yeux de leurs clients, et de leurs salari\u00e9s et collaborateurs. Leurs destins s\u2019\u00e9crivent, et quoi de mieux qu\u2019un beau livre pour l\u2019incarner ? La conception d\u2019ouvrages \u00ab corporate \u00bb a le vent en poupe, et chaque marque, qu\u2019elle soit de luxe ou plus grand public, aime exposer son parcours, sa vision, ses valeurs, dans un livre de marque ou \u00ab Brand Book \u00bb. Parfois de fa\u00e7on directe, parfois plus subtilement, par le jeu d\u2019\u00e9chos avec des t\u00e9moignages de personnalit\u00e9s ou le r\u00e9cit de vies qui ont constitu\u00e9 le patrimoine de la soci\u00e9t\u00e9.<\/p><h3>LE DIGITAL VALORISE LE PAPIER<\/h3><p>Sans tomber dans une vision manich\u00e9enne, il faut soulever aussi l\u2019apport du digital et du num\u00e9rique, dans la photographie notamment, l\u2019impression \u00e9galement. Le papier n\u2019a jamais \u00e9t\u00e9 autant lisible finalement et embelli que depuis l\u2019\u00e8re num\u00e9rique. En terme d\u2019outil de communication, il faut reconna\u00eetre la puissance du digital, via les campagnes de e-mailings par exemple, et les r\u00e9seaux sociaux bien s\u00fbr, caisse de r\u00e9sonance des marques en continu.<\/p><p>Compl\u00e9mentaires plut\u00f4t que concurrents, digital et papier se soutiennent mutuellement. Tout consiste dans l\u2019usage qu\u2019on en fait, le plus intelligent qui soit. Alors, l\u2019intelligence artificielle aura t-elle, \u00e0 son tour, un jour, raison du digital ?<\/p><p><a href=\"https:\/\/www.omediaparis.com\/fr\/edition\"><span style=\"text-decoration: underline;\">D\u00e9couvrez nos \u00e9ditions d\u2019exception<\/span><\/a><\/p>\t\t\t\t\t\t\t\t<\/div>\n\t\t\t\t<\/div>\n\t\t\t\t<div class=\"elementor-element elementor-element-df2f5e7 elementor-widget elementor-widget-text-editor\" data-id=\"df2f5e7\" data-element_type=\"widget\" data-widget_type=\"text-editor.default\">\n\t\t\t\t<div class=\"elementor-widget-container\">\n\t\t\t\t\t\t\t\t\t<p style=\"text-align: right;\"><span style=\"color: #000000;\"><a style=\"color: #000000;\" href=\"mailto:contact@omedia.fr\" target=\"_blank\" rel=\"noopener\">Contactez l\u2019un de nos experts en strat\u00e9gie de marque<\/a><\/span><\/p>\t\t\t\t\t\t\t\t<\/div>\n\t\t\t\t<\/div>\n\t\t\t\t\t<\/div>\n\t\t\t\t<\/div>\n\t\t\t\t<\/div>\n\t\t","protected":false},"excerpt":{"rendered":"<p>Le papier est-il en voie de disparition et l\u2019\u00e8re num\u00e9rique en passe de gagner la bataille ? Ne trouvera t-on bient\u00f4t plus [&hellip;]<\/p>\n","protected":false},"author":1,"featured_media":1505,"comment_status":"closed","ping_status":"closed","sticky":false,"template":"elementor_header_footer","format":"standard","meta":{"footnotes":""},"categories":[16],"tags":[],"class_list":["post-1504","post","type-post","status-publish","format-standard","has-post-thumbnail","hentry","category-omediatalk"],"yoast_head":"<!-- This site is optimized with the Yoast SEO plugin v27.4 - https:\/\/yoast.com\/product\/yoast-seo-wordpress\/ -->\n<title>Face au digital, le papier a t-il perdu la bataille ? I OMEDIA PARIS<\/title>\n<meta name=\"description\" content=\"Le papier est-il en voie de disparition et l\u2019\u00e8re num\u00e9rique en passe de gagner la bataille ? Ne trouvera t-on bient\u00f4t plus de journaux...\" \/>\n<meta name=\"robots\" content=\"index, follow, max-snippet:-1, max-image-preview:large, max-video-preview:-1\" \/>\n<link rel=\"canonical\" href=\"https:\/\/www.omediaparis.com\/fr\/face-au-digital-le-papier-a-t-il-perdu-la-bataille\/\" \/>\n<meta property=\"og:locale\" content=\"fr_FR\" \/>\n<meta property=\"og:type\" content=\"article\" \/>\n<meta property=\"og:title\" content=\"Face au digital, le papier a t-il perdu la bataille ? I OMEDIA PARIS\" \/>\n<meta property=\"og:description\" content=\"Le papier est-il en voie de disparition et l\u2019\u00e8re num\u00e9rique en passe de gagner la bataille ? Ne trouvera t-on bient\u00f4t plus de journaux...\" \/>\n<meta property=\"og:url\" content=\"https:\/\/www.omediaparis.com\/fr\/face-au-digital-le-papier-a-t-il-perdu-la-bataille\/\" \/>\n<meta property=\"og:site_name\" content=\"OMEDIA PARIS\" \/>\n<meta property=\"article:published_time\" content=\"2022-03-15T13:54:20+00:00\" \/>\n<meta property=\"article:modified_time\" content=\"2024-07-10T22:57:20+00:00\" \/>\n<meta property=\"og:image\" content=\"https:\/\/www.omediaparis.com\/wp-content\/uploads\/2024\/04\/omedia-omediatalk-face-au-digital-le-papier-a-t-il-perdu-la-bataille.jpg\" \/>\n\t<meta property=\"og:image:width\" content=\"850\" \/>\n\t<meta property=\"og:image:height\" content=\"1155\" \/>\n\t<meta property=\"og:image:type\" content=\"image\/jpeg\" \/>\n<meta name=\"author\" content=\"OmediaAdmin\" \/>\n<meta name=\"twitter:card\" content=\"summary_large_image\" \/>\n<meta name=\"twitter:label1\" content=\"\u00c9crit par\" \/>\n\t<meta name=\"twitter:data1\" content=\"OmediaAdmin\" \/>\n\t<meta name=\"twitter:label2\" content=\"Dur\u00e9e de lecture estim\u00e9e\" \/>\n\t<meta name=\"twitter:data2\" content=\"6 minutes\" \/>\n<script type=\"application\/ld+json\" class=\"yoast-schema-graph\">{\"@context\":\"https:\\\/\\\/schema.org\",\"@graph\":[{\"@type\":\"Article\",\"@id\":\"https:\\\/\\\/www.omediaparis.com\\\/fr\\\/face-au-digital-le-papier-a-t-il-perdu-la-bataille\\\/#article\",\"isPartOf\":{\"@id\":\"https:\\\/\\\/www.omediaparis.com\\\/fr\\\/face-au-digital-le-papier-a-t-il-perdu-la-bataille\\\/\"},\"author\":{\"name\":\"OmediaAdmin\",\"@id\":\"https:\\\/\\\/www.omediaparis.com\\\/fr\\\/#\\\/schema\\\/person\\\/c67d854c40e8c476cc72d5987c35b7af\"},\"headline\":\"Face au digital, le papier a t-il perdu la bataille ?\",\"datePublished\":\"2022-03-15T13:54:20+00:00\",\"dateModified\":\"2024-07-10T22:57:20+00:00\",\"mainEntityOfPage\":{\"@id\":\"https:\\\/\\\/www.omediaparis.com\\\/fr\\\/face-au-digital-le-papier-a-t-il-perdu-la-bataille\\\/\"},\"wordCount\":1219,\"publisher\":{\"@id\":\"https:\\\/\\\/www.omediaparis.com\\\/fr\\\/#organization\"},\"image\":{\"@id\":\"https:\\\/\\\/www.omediaparis.com\\\/fr\\\/face-au-digital-le-papier-a-t-il-perdu-la-bataille\\\/#primaryimage\"},\"thumbnailUrl\":\"https:\\\/\\\/www.omediaparis.com\\\/wp-content\\\/uploads\\\/2024\\\/04\\\/omedia-omediatalk-face-au-digital-le-papier-a-t-il-perdu-la-bataille.jpg\",\"articleSection\":[\"Omediatalk\"],\"inLanguage\":\"fr-FR\"},{\"@type\":\"WebPage\",\"@id\":\"https:\\\/\\\/www.omediaparis.com\\\/fr\\\/face-au-digital-le-papier-a-t-il-perdu-la-bataille\\\/\",\"url\":\"https:\\\/\\\/www.omediaparis.com\\\/fr\\\/face-au-digital-le-papier-a-t-il-perdu-la-bataille\\\/\",\"name\":\"Face au digital, le papier a t-il perdu la bataille ? I OMEDIA PARIS\",\"isPartOf\":{\"@id\":\"https:\\\/\\\/www.omediaparis.com\\\/fr\\\/#website\"},\"primaryImageOfPage\":{\"@id\":\"https:\\\/\\\/www.omediaparis.com\\\/fr\\\/face-au-digital-le-papier-a-t-il-perdu-la-bataille\\\/#primaryimage\"},\"image\":{\"@id\":\"https:\\\/\\\/www.omediaparis.com\\\/fr\\\/face-au-digital-le-papier-a-t-il-perdu-la-bataille\\\/#primaryimage\"},\"thumbnailUrl\":\"https:\\\/\\\/www.omediaparis.com\\\/wp-content\\\/uploads\\\/2024\\\/04\\\/omedia-omediatalk-face-au-digital-le-papier-a-t-il-perdu-la-bataille.jpg\",\"datePublished\":\"2022-03-15T13:54:20+00:00\",\"dateModified\":\"2024-07-10T22:57:20+00:00\",\"description\":\"Le papier est-il en voie de disparition et l\u2019\u00e8re num\u00e9rique en passe de gagner la bataille ? Ne trouvera t-on bient\u00f4t plus de journaux...\",\"breadcrumb\":{\"@id\":\"https:\\\/\\\/www.omediaparis.com\\\/fr\\\/face-au-digital-le-papier-a-t-il-perdu-la-bataille\\\/#breadcrumb\"},\"inLanguage\":\"fr-FR\",\"potentialAction\":[{\"@type\":\"ReadAction\",\"target\":[\"https:\\\/\\\/www.omediaparis.com\\\/fr\\\/face-au-digital-le-papier-a-t-il-perdu-la-bataille\\\/\"]}]},{\"@type\":\"ImageObject\",\"inLanguage\":\"fr-FR\",\"@id\":\"https:\\\/\\\/www.omediaparis.com\\\/fr\\\/face-au-digital-le-papier-a-t-il-perdu-la-bataille\\\/#primaryimage\",\"url\":\"https:\\\/\\\/www.omediaparis.com\\\/wp-content\\\/uploads\\\/2024\\\/04\\\/omedia-omediatalk-face-au-digital-le-papier-a-t-il-perdu-la-bataille.jpg\",\"contentUrl\":\"https:\\\/\\\/www.omediaparis.com\\\/wp-content\\\/uploads\\\/2024\\\/04\\\/omedia-omediatalk-face-au-digital-le-papier-a-t-il-perdu-la-bataille.jpg\",\"width\":850,\"height\":1155},{\"@type\":\"BreadcrumbList\",\"@id\":\"https:\\\/\\\/www.omediaparis.com\\\/fr\\\/face-au-digital-le-papier-a-t-il-perdu-la-bataille\\\/#breadcrumb\",\"itemListElement\":[{\"@type\":\"ListItem\",\"position\":1,\"name\":\"Accueil\",\"item\":\"https:\\\/\\\/www.omediaparis.com\\\/fr\\\/\"},{\"@type\":\"ListItem\",\"position\":2,\"name\":\"Face au digital, le papier a t-il perdu la bataille ?\"}]},{\"@type\":\"WebSite\",\"@id\":\"https:\\\/\\\/www.omediaparis.com\\\/fr\\\/#website\",\"url\":\"https:\\\/\\\/www.omediaparis.com\\\/fr\\\/\",\"name\":\"OMEDIA PARIS\",\"description\":\"Agence de Communication Luxe\",\"publisher\":{\"@id\":\"https:\\\/\\\/www.omediaparis.com\\\/fr\\\/#organization\"},\"potentialAction\":[{\"@type\":\"SearchAction\",\"target\":{\"@type\":\"EntryPoint\",\"urlTemplate\":\"https:\\\/\\\/www.omediaparis.com\\\/fr\\\/?s={search_term_string}\"},\"query-input\":{\"@type\":\"PropertyValueSpecification\",\"valueRequired\":true,\"valueName\":\"search_term_string\"}}],\"inLanguage\":\"fr-FR\"},{\"@type\":\"Organization\",\"@id\":\"https:\\\/\\\/www.omediaparis.com\\\/fr\\\/#organization\",\"name\":\"OMEDIA\",\"url\":\"https:\\\/\\\/www.omediaparis.com\\\/fr\\\/\",\"logo\":{\"@type\":\"ImageObject\",\"inLanguage\":\"fr-FR\",\"@id\":\"https:\\\/\\\/www.omediaparis.com\\\/fr\\\/#\\\/schema\\\/logo\\\/image\\\/\",\"url\":\"https:\\\/\\\/www.omediaparis.com\\\/wp-content\\\/uploads\\\/2024\\\/03\\\/logo-omedia.png\",\"contentUrl\":\"https:\\\/\\\/www.omediaparis.com\\\/wp-content\\\/uploads\\\/2024\\\/03\\\/logo-omedia.png\",\"width\":828,\"height\":220,\"caption\":\"OMEDIA\"},\"image\":{\"@id\":\"https:\\\/\\\/www.omediaparis.com\\\/fr\\\/#\\\/schema\\\/logo\\\/image\\\/\"},\"sameAs\":[\"https:\\\/\\\/www.instagram.com\\\/omediaparis\\\/\",\"https:\\\/\\\/www.linkedin.com\\\/company\\\/omedia\\\/\"]},{\"@type\":\"Person\",\"@id\":\"https:\\\/\\\/www.omediaparis.com\\\/fr\\\/#\\\/schema\\\/person\\\/c67d854c40e8c476cc72d5987c35b7af\",\"name\":\"OmediaAdmin\",\"image\":{\"@type\":\"ImageObject\",\"inLanguage\":\"fr-FR\",\"@id\":\"https:\\\/\\\/secure.gravatar.com\\\/avatar\\\/309347cbd1b1ad2f15b93cf67c5bb2b4a948c716ba4f3ce63259e5a315144f8c?s=96&d=mm&r=g\",\"url\":\"https:\\\/\\\/secure.gravatar.com\\\/avatar\\\/309347cbd1b1ad2f15b93cf67c5bb2b4a948c716ba4f3ce63259e5a315144f8c?s=96&d=mm&r=g\",\"contentUrl\":\"https:\\\/\\\/secure.gravatar.com\\\/avatar\\\/309347cbd1b1ad2f15b93cf67c5bb2b4a948c716ba4f3ce63259e5a315144f8c?s=96&d=mm&r=g\",\"caption\":\"OmediaAdmin\"},\"sameAs\":[\"https:\\\/\\\/www.omediaparis.com\"]}]}<\/script>\n<!-- \/ Yoast SEO plugin. -->","yoast_head_json":{"title":"Face au digital, le papier a t-il perdu la bataille ? I OMEDIA PARIS","description":"Le papier est-il en voie de disparition et l\u2019\u00e8re num\u00e9rique en passe de gagner la bataille ? Ne trouvera t-on bient\u00f4t plus de journaux...","robots":{"index":"index","follow":"follow","max-snippet":"max-snippet:-1","max-image-preview":"max-image-preview:large","max-video-preview":"max-video-preview:-1"},"canonical":"https:\/\/www.omediaparis.com\/fr\/face-au-digital-le-papier-a-t-il-perdu-la-bataille\/","og_locale":"fr_FR","og_type":"article","og_title":"Face au digital, le papier a t-il perdu la bataille ? I OMEDIA PARIS","og_description":"Le papier est-il en voie de disparition et l\u2019\u00e8re num\u00e9rique en passe de gagner la bataille ? Ne trouvera t-on bient\u00f4t plus de journaux...","og_url":"https:\/\/www.omediaparis.com\/fr\/face-au-digital-le-papier-a-t-il-perdu-la-bataille\/","og_site_name":"OMEDIA PARIS","article_published_time":"2022-03-15T13:54:20+00:00","article_modified_time":"2024-07-10T22:57:20+00:00","og_image":[{"width":850,"height":1155,"url":"https:\/\/www.omediaparis.com\/wp-content\/uploads\/2024\/04\/omedia-omediatalk-face-au-digital-le-papier-a-t-il-perdu-la-bataille.jpg","type":"image\/jpeg"}],"author":"OmediaAdmin","twitter_card":"summary_large_image","twitter_misc":{"\u00c9crit par":"OmediaAdmin","Dur\u00e9e de lecture estim\u00e9e":"6 minutes"},"schema":{"@context":"https:\/\/schema.org","@graph":[{"@type":"Article","@id":"https:\/\/www.omediaparis.com\/fr\/face-au-digital-le-papier-a-t-il-perdu-la-bataille\/#article","isPartOf":{"@id":"https:\/\/www.omediaparis.com\/fr\/face-au-digital-le-papier-a-t-il-perdu-la-bataille\/"},"author":{"name":"OmediaAdmin","@id":"https:\/\/www.omediaparis.com\/fr\/#\/schema\/person\/c67d854c40e8c476cc72d5987c35b7af"},"headline":"Face au digital, le papier a t-il perdu la bataille ?","datePublished":"2022-03-15T13:54:20+00:00","dateModified":"2024-07-10T22:57:20+00:00","mainEntityOfPage":{"@id":"https:\/\/www.omediaparis.com\/fr\/face-au-digital-le-papier-a-t-il-perdu-la-bataille\/"},"wordCount":1219,"publisher":{"@id":"https:\/\/www.omediaparis.com\/fr\/#organization"},"image":{"@id":"https:\/\/www.omediaparis.com\/fr\/face-au-digital-le-papier-a-t-il-perdu-la-bataille\/#primaryimage"},"thumbnailUrl":"https:\/\/www.omediaparis.com\/wp-content\/uploads\/2024\/04\/omedia-omediatalk-face-au-digital-le-papier-a-t-il-perdu-la-bataille.jpg","articleSection":["Omediatalk"],"inLanguage":"fr-FR"},{"@type":"WebPage","@id":"https:\/\/www.omediaparis.com\/fr\/face-au-digital-le-papier-a-t-il-perdu-la-bataille\/","url":"https:\/\/www.omediaparis.com\/fr\/face-au-digital-le-papier-a-t-il-perdu-la-bataille\/","name":"Face au digital, le papier a t-il perdu la bataille ? I OMEDIA PARIS","isPartOf":{"@id":"https:\/\/www.omediaparis.com\/fr\/#website"},"primaryImageOfPage":{"@id":"https:\/\/www.omediaparis.com\/fr\/face-au-digital-le-papier-a-t-il-perdu-la-bataille\/#primaryimage"},"image":{"@id":"https:\/\/www.omediaparis.com\/fr\/face-au-digital-le-papier-a-t-il-perdu-la-bataille\/#primaryimage"},"thumbnailUrl":"https:\/\/www.omediaparis.com\/wp-content\/uploads\/2024\/04\/omedia-omediatalk-face-au-digital-le-papier-a-t-il-perdu-la-bataille.jpg","datePublished":"2022-03-15T13:54:20+00:00","dateModified":"2024-07-10T22:57:20+00:00","description":"Le papier est-il en voie de disparition et l\u2019\u00e8re num\u00e9rique en passe de gagner la bataille ? Ne trouvera t-on bient\u00f4t plus de journaux...","breadcrumb":{"@id":"https:\/\/www.omediaparis.com\/fr\/face-au-digital-le-papier-a-t-il-perdu-la-bataille\/#breadcrumb"},"inLanguage":"fr-FR","potentialAction":[{"@type":"ReadAction","target":["https:\/\/www.omediaparis.com\/fr\/face-au-digital-le-papier-a-t-il-perdu-la-bataille\/"]}]},{"@type":"ImageObject","inLanguage":"fr-FR","@id":"https:\/\/www.omediaparis.com\/fr\/face-au-digital-le-papier-a-t-il-perdu-la-bataille\/#primaryimage","url":"https:\/\/www.omediaparis.com\/wp-content\/uploads\/2024\/04\/omedia-omediatalk-face-au-digital-le-papier-a-t-il-perdu-la-bataille.jpg","contentUrl":"https:\/\/www.omediaparis.com\/wp-content\/uploads\/2024\/04\/omedia-omediatalk-face-au-digital-le-papier-a-t-il-perdu-la-bataille.jpg","width":850,"height":1155},{"@type":"BreadcrumbList","@id":"https:\/\/www.omediaparis.com\/fr\/face-au-digital-le-papier-a-t-il-perdu-la-bataille\/#breadcrumb","itemListElement":[{"@type":"ListItem","position":1,"name":"Accueil","item":"https:\/\/www.omediaparis.com\/fr\/"},{"@type":"ListItem","position":2,"name":"Face au digital, le papier a t-il perdu la bataille ?"}]},{"@type":"WebSite","@id":"https:\/\/www.omediaparis.com\/fr\/#website","url":"https:\/\/www.omediaparis.com\/fr\/","name":"OMEDIA PARIS","description":"Agence de Communication Luxe","publisher":{"@id":"https:\/\/www.omediaparis.com\/fr\/#organization"},"potentialAction":[{"@type":"SearchAction","target":{"@type":"EntryPoint","urlTemplate":"https:\/\/www.omediaparis.com\/fr\/?s={search_term_string}"},"query-input":{"@type":"PropertyValueSpecification","valueRequired":true,"valueName":"search_term_string"}}],"inLanguage":"fr-FR"},{"@type":"Organization","@id":"https:\/\/www.omediaparis.com\/fr\/#organization","name":"OMEDIA","url":"https:\/\/www.omediaparis.com\/fr\/","logo":{"@type":"ImageObject","inLanguage":"fr-FR","@id":"https:\/\/www.omediaparis.com\/fr\/#\/schema\/logo\/image\/","url":"https:\/\/www.omediaparis.com\/wp-content\/uploads\/2024\/03\/logo-omedia.png","contentUrl":"https:\/\/www.omediaparis.com\/wp-content\/uploads\/2024\/03\/logo-omedia.png","width":828,"height":220,"caption":"OMEDIA"},"image":{"@id":"https:\/\/www.omediaparis.com\/fr\/#\/schema\/logo\/image\/"},"sameAs":["https:\/\/www.instagram.com\/omediaparis\/","https:\/\/www.linkedin.com\/company\/omedia\/"]},{"@type":"Person","@id":"https:\/\/www.omediaparis.com\/fr\/#\/schema\/person\/c67d854c40e8c476cc72d5987c35b7af","name":"OmediaAdmin","image":{"@type":"ImageObject","inLanguage":"fr-FR","@id":"https:\/\/secure.gravatar.com\/avatar\/309347cbd1b1ad2f15b93cf67c5bb2b4a948c716ba4f3ce63259e5a315144f8c?s=96&d=mm&r=g","url":"https:\/\/secure.gravatar.com\/avatar\/309347cbd1b1ad2f15b93cf67c5bb2b4a948c716ba4f3ce63259e5a315144f8c?s=96&d=mm&r=g","contentUrl":"https:\/\/secure.gravatar.com\/avatar\/309347cbd1b1ad2f15b93cf67c5bb2b4a948c716ba4f3ce63259e5a315144f8c?s=96&d=mm&r=g","caption":"OmediaAdmin"},"sameAs":["https:\/\/www.omediaparis.com"]}]}},"_links":{"self":[{"href":"https:\/\/www.omediaparis.com\/fr\/wp-json\/wp\/v2\/posts\/1504","targetHints":{"allow":["GET"]}}],"collection":[{"href":"https:\/\/www.omediaparis.com\/fr\/wp-json\/wp\/v2\/posts"}],"about":[{"href":"https:\/\/www.omediaparis.com\/fr\/wp-json\/wp\/v2\/types\/post"}],"author":[{"embeddable":true,"href":"https:\/\/www.omediaparis.com\/fr\/wp-json\/wp\/v2\/users\/1"}],"replies":[{"embeddable":true,"href":"https:\/\/www.omediaparis.com\/fr\/wp-json\/wp\/v2\/comments?post=1504"}],"version-history":[{"count":7,"href":"https:\/\/www.omediaparis.com\/fr\/wp-json\/wp\/v2\/posts\/1504\/revisions"}],"predecessor-version":[{"id":5037,"href":"https:\/\/www.omediaparis.com\/fr\/wp-json\/wp\/v2\/posts\/1504\/revisions\/5037"}],"wp:featuredmedia":[{"embeddable":true,"href":"https:\/\/www.omediaparis.com\/fr\/wp-json\/wp\/v2\/media\/1505"}],"wp:attachment":[{"href":"https:\/\/www.omediaparis.com\/fr\/wp-json\/wp\/v2\/media?parent=1504"}],"wp:term":[{"taxonomy":"category","embeddable":true,"href":"https:\/\/www.omediaparis.com\/fr\/wp-json\/wp\/v2\/categories?post=1504"},{"taxonomy":"post_tag","embeddable":true,"href":"https:\/\/www.omediaparis.com\/fr\/wp-json\/wp\/v2\/tags?post=1504"}],"curies":[{"name":"wp","href":"https:\/\/api.w.org\/{rel}","templated":true}]}}