{"id":1494,"date":"2022-01-28T15:09:59","date_gmt":"2022-01-28T14:09:59","guid":{"rendered":"https:\/\/www.omediaparis.com\/?p=1494"},"modified":"2024-07-11T00:57:46","modified_gmt":"2024-07-10T22:57:46","slug":"retour-a-la-nature","status":"publish","type":"post","link":"https:\/\/www.omediaparis.com\/fr\/retour-a-la-nature\/","title":{"rendered":"Retour \u00e0 la nature"},"content":{"rendered":"\t\t<div data-elementor-type=\"wp-post\" data-elementor-id=\"1494\" class=\"elementor elementor-1494\" data-elementor-post-type=\"post\">\n\t\t\t\t<div class=\"elementor-element elementor-element-b05045a e-flex e-con-boxed e-con e-parent\" data-id=\"b05045a\" data-element_type=\"container\" data-settings=\"{&quot;background_background&quot;:&quot;classic&quot;}\">\n\t\t\t\t\t<div class=\"e-con-inner\">\n\t\t<div class=\"elementor-element elementor-element-c1ff7bc e-con-full e-flex e-con e-child\" data-id=\"c1ff7bc\" data-element_type=\"container\">\n\t\t<div class=\"elementor-element elementor-element-32dc1af e-con-full e-flex e-con e-child\" data-id=\"32dc1af\" data-element_type=\"container\">\n\t\t\t\t<div class=\"elementor-element elementor-element-95b272a elementor-widget elementor-widget-heading\" data-id=\"95b272a\" data-element_type=\"widget\" data-widget_type=\"heading.default\">\n\t\t\t\t<div class=\"elementor-widget-container\">\n\t\t\t\t\t<h2 class=\"elementor-heading-title elementor-size-default\">28<\/h2>\t\t\t\t<\/div>\n\t\t\t\t<\/div>\n\t\t\t\t<div class=\"elementor-element elementor-element-83b1755 elementor-widget elementor-widget-heading\" data-id=\"83b1755\" data-element_type=\"widget\" data-widget_type=\"heading.default\">\n\t\t\t\t<div class=\"elementor-widget-container\">\n\t\t\t\t\t<h2 class=\"elementor-heading-title elementor-size-default\">janvier<\/h2>\t\t\t\t<\/div>\n\t\t\t\t<\/div>\n\t\t\t\t<\/div>\n\t\t<div class=\"elementor-element elementor-element-79354ca e-con-full e-flex e-con e-child\" data-id=\"79354ca\" data-element_type=\"container\">\n\t\t\t\t<div class=\"elementor-element elementor-element-5ed33c7 elementor-widget elementor-widget-heading\" data-id=\"5ed33c7\" data-element_type=\"widget\" data-widget_type=\"heading.default\">\n\t\t\t\t<div class=\"elementor-widget-container\">\n\t\t\t\t\t<h2 class=\"elementor-heading-title elementor-size-default\">Retour \u00e0 la nature<\/h2>\t\t\t\t<\/div>\n\t\t\t\t<\/div>\n\t\t\t\t<div class=\"elementor-element elementor-element-e8a419e elementor-widget elementor-widget-text-editor\" data-id=\"e8a419e\" data-element_type=\"widget\" data-widget_type=\"text-editor.default\">\n\t\t\t\t<div class=\"elementor-widget-container\">\n\t\t\t\t\t\t\t\t\t<p>\u00ab\u00a0Beau et bio\u00a0\u00bb, mantra du nouveau consommateur ou peut-\u00eatre sa croix, qui infuse tous les secteurs de l\u2019industrie du luxe. R\u00eave fou ou prison dor\u00e9e pour les marques ?<\/p>\t\t\t\t\t\t\t\t<\/div>\n\t\t\t\t<\/div>\n\t\t\t\t<\/div>\n\t\t\t\t<\/div>\n\t\t<div class=\"elementor-element elementor-element-ca04575 e-con-full e-flex e-con e-child\" data-id=\"ca04575\" data-element_type=\"container\" data-settings=\"{&quot;position&quot;:&quot;absolute&quot;}\">\n\t\t<div class=\"elementor-element elementor-element-d5f4f9a e-con-full e-flex e-con e-child\" data-id=\"d5f4f9a\" data-element_type=\"container\">\n\t\t\t\t<\/div>\n\t\t<div class=\"elementor-element elementor-element-f91f6e0 e-con-full e-flex e-con e-child\" data-id=\"f91f6e0\" data-element_type=\"container\">\n\t\t\t\t<div class=\"elementor-element elementor-element-3c5a741 elementor-widget elementor-widget-text-editor\" data-id=\"3c5a741\" data-element_type=\"widget\" data-widget_type=\"text-editor.default\">\n\t\t\t\t<div class=\"elementor-widget-container\">\n\t\t\t\t\t\t\t\t\t<p><strong> Temps de lecture :<\/strong> 3 minutes<\/p>\t\t\t\t\t\t\t\t<\/div>\n\t\t\t\t<\/div>\n\t\t\t\t<div class=\"elementor-element elementor-element-ad9898d elementor-share-buttons--view-icon elementor-share-buttons--skin-framed elementor-share-buttons--color-custom elementor-share-buttons--shape-square elementor-grid-0 elementor-widget elementor-widget-share-buttons\" data-id=\"ad9898d\" data-element_type=\"widget\" data-widget_type=\"share-buttons.default\">\n\t\t\t\t<div class=\"elementor-widget-container\">\n\t\t\t\t\t\t\t<div class=\"elementor-grid\" role=\"list\">\n\t\t\t\t\t\t\t\t<div class=\"elementor-grid-item\" role=\"listitem\">\n\t\t\t\t\t\t<div class=\"elementor-share-btn elementor-share-btn_facebook\" role=\"button\" tabindex=\"0\" aria-label=\"Share on facebook\">\n\t\t\t\t\t\t\t\t\t\t\t\t\t\t\t<span class=\"elementor-share-btn__icon\">\n\t\t\t\t\t\t\t\t<svg aria-hidden=\"true\" class=\"e-font-icon-svg e-fab-facebook\" viewBox=\"0 0 512 512\" xmlns=\"http:\/\/www.w3.org\/2000\/svg\"><path d=\"M504 256C504 119 393 8 256 8S8 119 8 256c0 123.78 90.69 226.38 209.25 245V327.69h-63V256h63v-54.64c0-62.15 37-96.48 93.67-96.48 27.14 0 55.52 4.84 55.52 4.84v61h-31.28c-30.8 0-40.41 19.12-40.41 38.73V256h68.78l-11 71.69h-57.78V501C413.31 482.38 504 379.78 504 256z\"><\/path><\/svg>\t\t\t\t\t\t\t<\/span>\n\t\t\t\t\t\t\t\t\t\t\t\t\t\t\t\t\t\t\t\t<\/div>\n\t\t\t\t\t<\/div>\n\t\t\t\t\t\t\t\t\t<div class=\"elementor-grid-item\" role=\"listitem\">\n\t\t\t\t\t\t<div class=\"elementor-share-btn elementor-share-btn_twitter\" role=\"button\" tabindex=\"0\" aria-label=\"Share on twitter\">\n\t\t\t\t\t\t\t\t\t\t\t\t\t\t\t<span class=\"elementor-share-btn__icon\">\n\t\t\t\t\t\t\t\t<svg aria-hidden=\"true\" class=\"e-font-icon-svg e-fab-twitter\" viewBox=\"0 0 512 512\" xmlns=\"http:\/\/www.w3.org\/2000\/svg\"><path d=\"M459.37 151.716c.325 4.548.325 9.097.325 13.645 0 138.72-105.583 298.558-298.558 298.558-59.452 0-114.68-17.219-161.137-47.106 8.447.974 16.568 1.299 25.34 1.299 49.055 0 94.213-16.568 130.274-44.832-46.132-.975-84.792-31.188-98.112-72.772 6.498.974 12.995 1.624 19.818 1.624 9.421 0 18.843-1.3 27.614-3.573-48.081-9.747-84.143-51.98-84.143-102.985v-1.299c13.969 7.797 30.214 12.67 47.431 13.319-28.264-18.843-46.781-51.005-46.781-87.391 0-19.492 5.197-37.36 14.294-52.954 51.655 63.675 129.3 105.258 216.365 109.807-1.624-7.797-2.599-15.918-2.599-24.04 0-57.828 46.782-104.934 104.934-104.934 30.213 0 57.502 12.67 76.67 33.137 23.715-4.548 46.456-13.32 66.599-25.34-7.798 24.366-24.366 44.833-46.132 57.827 21.117-2.273 41.584-8.122 60.426-16.243-14.292 20.791-32.161 39.308-52.628 54.253z\"><\/path><\/svg>\t\t\t\t\t\t\t<\/span>\n\t\t\t\t\t\t\t\t\t\t\t\t\t\t\t\t\t\t\t\t<\/div>\n\t\t\t\t\t<\/div>\n\t\t\t\t\t\t\t\t\t<div class=\"elementor-grid-item\" role=\"listitem\">\n\t\t\t\t\t\t<div class=\"elementor-share-btn elementor-share-btn_linkedin\" role=\"button\" tabindex=\"0\" aria-label=\"Share on linkedin\">\n\t\t\t\t\t\t\t\t\t\t\t\t\t\t\t<span class=\"elementor-share-btn__icon\">\n\t\t\t\t\t\t\t\t<svg aria-hidden=\"true\" class=\"e-font-icon-svg e-fab-linkedin\" viewBox=\"0 0 448 512\" xmlns=\"http:\/\/www.w3.org\/2000\/svg\"><path d=\"M416 32H31.9C14.3 32 0 46.5 0 64.3v383.4C0 465.5 14.3 480 31.9 480H416c17.6 0 32-14.5 32-32.3V64.3c0-17.8-14.4-32.3-32-32.3zM135.4 416H69V202.2h66.5V416zm-33.2-243c-21.3 0-38.5-17.3-38.5-38.5S80.9 96 102.2 96c21.2 0 38.5 17.3 38.5 38.5 0 21.3-17.2 38.5-38.5 38.5zm282.1 243h-66.4V312c0-24.8-.5-56.7-34.5-56.7-34.6 0-39.9 27-39.9 54.9V416h-66.4V202.2h63.7v29.2h.9c8.9-16.8 30.6-34.5 62.9-34.5 67.2 0 79.7 44.3 79.7 101.9V416z\"><\/path><\/svg>\t\t\t\t\t\t\t<\/span>\n\t\t\t\t\t\t\t\t\t\t\t\t\t\t\t\t\t\t\t\t<\/div>\n\t\t\t\t\t<\/div>\n\t\t\t\t\t\t\t\t\t<div class=\"elementor-grid-item\" role=\"listitem\">\n\t\t\t\t\t\t<div class=\"elementor-share-btn elementor-share-btn_email\" role=\"button\" tabindex=\"0\" aria-label=\"Share on email\">\n\t\t\t\t\t\t\t\t\t\t\t\t\t\t\t<span class=\"elementor-share-btn__icon\">\n\t\t\t\t\t\t\t\t<svg aria-hidden=\"true\" class=\"e-font-icon-svg e-fas-envelope\" viewBox=\"0 0 512 512\" xmlns=\"http:\/\/www.w3.org\/2000\/svg\"><path d=\"M502.3 190.8c3.9-3.1 9.7-.2 9.7 4.7V400c0 26.5-21.5 48-48 48H48c-26.5 0-48-21.5-48-48V195.6c0-5 5.7-7.8 9.7-4.7 22.4 17.4 52.1 39.5 154.1 113.6 21.1 15.4 56.7 47.8 92.2 47.6 35.7.3 72-32.8 92.3-47.6 102-74.1 131.6-96.3 154-113.7zM256 320c23.2.4 56.6-29.2 73.4-41.4 132.7-96.3 142.8-104.7 173.4-128.7 5.8-4.5 9.2-11.5 9.2-18.9v-19c0-26.5-21.5-48-48-48H48C21.5 64 0 85.5 0 112v19c0 7.4 3.4 14.3 9.2 18.9 30.6 23.9 40.7 32.4 173.4 128.7 16.8 12.2 50.2 41.8 73.4 41.4z\"><\/path><\/svg>\t\t\t\t\t\t\t<\/span>\n\t\t\t\t\t\t\t\t\t\t\t\t\t\t\t\t\t\t\t\t<\/div>\n\t\t\t\t\t<\/div>\n\t\t\t\t\t\t<\/div>\n\t\t\t\t\t\t<\/div>\n\t\t\t\t<\/div>\n\t\t\t\t<\/div>\n\t\t\t\t<\/div>\n\t\t\t\t\t<\/div>\n\t\t\t\t<\/div>\n\t\t<div class=\"elementor-element elementor-element-8a47be2 e-flex e-con-boxed e-con e-parent\" data-id=\"8a47be2\" data-element_type=\"container\">\n\t\t\t\t\t<div class=\"e-con-inner\">\n\t\t\t\t<div class=\"elementor-element elementor-element-d9bdad5 elementor-widget elementor-widget-text-editor\" data-id=\"d9bdad5\" data-element_type=\"widget\" data-widget_type=\"text-editor.default\">\n\t\t\t\t<div class=\"elementor-widget-container\">\n\t\t\t\t\t\t\t\t\t<h3>\u00ab GREEN IS THE NEW BLACK \u00bb<\/h3><p>Mi-novembre s\u2019est tenue la 9e \u00e9dition du salon \u00ab Made in France \u00bb qui, comme son nom l\u2019indique, pr\u00f4ne la production hexagonale. Sur cette foire bleu-blanc-rouge, partout \u00e9rig\u00e9s en valeur s\u00fbre, le naturel, le respect de l\u2019environnement, l\u2019\u00e9cologique et le bio-sourc\u00e9. Plus d\u2019innovation possible sans qu\u2019elle ne soit respectueuse de l\u2019environnement &#8211; et l\u2019on s\u2019en r\u00e9jouit &#8211; plus de cr\u00e9ation de valeurs sans cr\u00e9ation de sens \u00e9cologique. Le vert est devenu le porte-drapeau de toutes les marques contemporaines, et pas une n\u2019oserait aller \u00e0 rebours de cette \u00ab green \u00bb conscience.<\/p><p>Ce n\u2019est pas seulement l\u2019apanage de jeunes marques qui fondent leur d\u00e9marche sur cette promesse. Les plus grands groupes de luxe suivent aussi la cadence, voire l\u2019anticipent. Stella Mc Cartney (groupe LVMH) lance un jean biod\u00e9gradable et d\u00e9poussi\u00e8re le secteur de la mode, malmen\u00e9 dans ses contradictions entre fourrure animale et ressources en eau. Dans la m\u00eame veine, Kering annonce renoncer \u00e0 l\u2019utilisation de la fourrure animale, dans toutes les maisons du Groupe, \u00e0 compter des collections automne 2022.<\/p><blockquote><p>\u00ab Le luxe bling-bling, rempla\u00e7able et jetable, c\u2019est termin\u00e9. Aujourd\u2019hui, les consommateurs veulent un luxe engag\u00e9, respectueux, porteur de valeurs sociales. \u00bb<\/p><\/blockquote><p>Engagement \u00e9thique, environnemental, social, la plan\u00e8te luxe verdit au rythme o\u00f9 l\u2019Amazonie brunit. Tous les secteurs sont concern\u00e9s, de l\u2019alimentation \u00e0 l\u2019habillement, en passant par les cosm\u00e9tiques, la mode, l\u2019ameublement et la technologie, de m\u00eame que l\u2019industrie, dont le secteur automobile qui tourne le dos aux moteurs thermiques et d\u00e9ploie \u00e0 vitesse grand V ses gammes \u00e9lectriques.<\/p><p>Demande du consommateur ou nouveaux march\u00e9s lucratifs ? Sans doute un peu des deux mais au d\u00e9part, la pression \u00e9cologiste \u00e9manant de mouvements citoyens a fortement contraint et encourag\u00e9 les marques \u00e0 faire leur mue. Cela signifie aussi changer de paradigme et modifier les codes de communication. Le luxe bling-bling, \u00e9ph\u00e9m\u00e8re, rempla\u00e7able et jetable, c\u2019est termin\u00e9. Aujourd\u2019hui, les consommateurs &#8211; Millenials en t\u00eate &#8211; veulent un luxe engag\u00e9, respectueux, porteur de valeurs sociales. Un luxe plus humain et incarn\u00e9.<\/p><h3>QUALIT\u00c9, TRANSMISSION, DURABILIT\u00c9<\/h3><p>Or l\u2019apanage du luxe, c\u2019est la qualit\u00e9, voire la tr\u00e8s haute qualit\u00e9. Il faut donc repenser non seulement le discours mais aussi et surtout la fabrication et l\u2019industrialisation elle-m\u00eame. Trouver des ingr\u00e9dients plus neutres en empreinte carbone, des productions locales, et surtout miser sur la durabilit\u00e9. Adieu donc obsolescence programm\u00e9e : le luxe dure, voire se r\u00e9pare, car il se transmet, il est un h\u00e9ritage qui s\u2019inscrit dans un patrimoine.<\/p><p>Le durable est devenu un \u00e9l\u00e9ment essentiel, et gare aux marques qui ne respecteraient pas cette promesse. Des produits co\u00fbteux qui ne respectent ni l\u2019environnement ni la soci\u00e9t\u00e9 n\u2019ont que peu d\u2019avenir devant eux. Convaincues ou forc\u00e9es, les marques n\u2019ont d\u2019autre choix aujourd\u2019hui que de se plier \u00e0 ces imp\u00e9ratifs. Cependant, l\u2019exprimer et le revendiquer ne suffit pas : il faut le prouver.<\/p><p>Aux paroles, il faut imposer des actes. Chaque marque doit pouvoir argumenter, justifier, prouver ses engagements, d\u00e9tailler son bilan carbone. Des actifs \u00e9thiques aussi importants &#8211; voire parfois davantage &#8211; que son bilan comptable et sa rentabilit\u00e9 ! On veut du sens, de l\u2019humain, de l\u2019\u00e9cologie.<\/p><blockquote><p>\u00ab Un engrenage vertueux se met en place, \u00e0 celui qui sera le plus propre, le plus vert, le plus respectueux du climat et de la plan\u00e8te. \u00bb<\/p><\/blockquote><p>Il faut voir dans cette transformation soci\u00e9tale une chance pour le secteur du luxe car avant-gardiste, disposant de moyens importants, il est souvent \u00e0 la pointe de l\u2019innovation et r\u00e9v\u00e8le les tendances. Une aubaine donc pour se saisir de ce sujet et le mener de front. Ainsi, nombre de grands ch\u00e2teaux viticoles convertissent d\u00e9sormais leur vignoble en agriculture biologique, voire biodynamique ; certains m\u00eame, se tournent vers l\u2019agro-\u00e9cologie et l\u2019agro-foresterie. S\u2019ils ne sont pas les premiers, ils le clament haut et fort et mettent en lumi\u00e8re ces pratiques vertueuses, obligeant en quelque sorte leurs pairs \u00e0 marcher dans leurs traces. Un engrenage vertueux se met en place, \u00e0 celui qui sera le plus propre, le plus vert, le plus respectueux du climat et de la plan\u00e8te.<\/p><h3>SENS ET CONSCIENCE\u2026<\/h3><p>Le consommateur n\u2019ach\u00e8te plus seulement un produit de luxe qui lui pla\u00eet et lui offre un statut : il ach\u00e8te un produit et des valeurs qui lui donnent une conscience. La conscience d\u2019appartenir \u00e0 un monde en marche et de contribuer \u00e0 sa sauvegarde, en pr\u00e9servant bien s\u00fbr le climat et l\u2019\u00e9co-syst\u00e8me v\u00e9g\u00e9tal et animal mais aussi un patrimoine, par des gestes, des techniques artisanales qui fondent l\u2019exception du luxe et qui aujourd\u2019hui concernent chacun.<\/p><p>Sauver un patrimoine, revenir \u00e0 la nature, simplifier, donner du sens : tout cela participe d\u2019un processus vertueux de mise en ab\u00eeme de soi par le local. \u00ab Small is beautiful \u00bb, d\u00e9finitivement.<br \/>En somme, pour les marques de luxe, l\u2019\u00e9cologie n\u2019est plus une option, et l\u2019environnement n\u2019est plus un sujet, c\u2019est le c\u0153ur m\u00eame du projet. Qu\u2019en est-il du point de vue du consommateur ? Comment re\u00e7oit-il ces messages et les int\u00e8gre-t-il ?<\/p><blockquote><p>\u00ab Il existe un discours normatif sur l\u2019injonction \u00e0 la conformit\u00e9 : \u00eatre heureux, \u00eatre mince, en bonne sant\u00e9, manger bio, \u00eatre productif. \u00bb<\/p><\/blockquote><p>Le processus \u00e0 l\u2019\u0153uvre convoque la fiert\u00e9 de la bonne action par le biais de la morale &#8211; la contribution positive \u00e0 un monde plus juste, plus \u00e9quitable. Mais plus sournoisement, on peut y voir une incitation non dite \u00e0 la culpabilisation puisque l\u2019injonction au \u00ab plus \u00e9colo, plus bio, plus vert \u00bb engendre n\u00e9cessairement une r\u00e9action, un processus de r\u00e9ajustement.<\/p><p>C\u2019est ce processus qui est \u00e0 l\u2019\u0153uvre dans l\u2019imp\u00e9ratif du bien-\u00eatre. Il existe un discours normatif sur l\u2019injonction \u00e0 la conformit\u00e9 : \u00eatre heureux, \u00eatre mince, en bonne sant\u00e9, manger bio, \u00eatre productif. Le mythe du h\u00e9ros revu et corrig\u00e9 \u00e0 la sauce 3e mill\u00e9naire ; la figure de l\u2019\u00eatre sup\u00e9rieur, ultime maillon dans la cha\u00eene des hominid\u00e9s, aboutissement supr\u00eame de l\u2019\u00e9volution des esp\u00e8ces. Darwin sort de ce corps !<\/p><h3>L\u2019IMP\u00c9RATIF DE SANT\u00c9<\/h3><p>Genevi\u00e8ve Rail* exprime cette violence du bien-\u00eatre et analyse ses m\u00e9canismes. \u00ab <em>D\u2019apr\u00e8s Michel Foucault, dans le contexte de la modernit\u00e9, la \u00ab bio \u00bb, c\u2019est-\u00e0-dire la vie m\u00eame de la population, est de plus en plus soumise au contr\u00f4le, \u00e0 la surveillance et \u00e0 la r\u00e9glementation. La biopolitique moderne a toujours mis en jeu la gestion de processus corporels au plan populationnel (par exemple, dans la r\u00e9gulation des naissances, des d\u00e9c\u00e8s, de la maladie, de l\u2019hygi\u00e8ne ou de la sant\u00e9).<\/em> \u00bb Et de poursuivre que le bien-\u00eatre est d\u00e9sormais une affaire personnelle, une g\u00e9rance de soi avec un \u00ab imp\u00e9ratif de sant\u00e9 \u00bb qui d\u00e9borde le cadre m\u00e9dical et occupe d\u00e9sormais tous les pans, politique, \u00e9conomique, culturel, de la soci\u00e9t\u00e9.<\/p><p>Et pour aller plus loin, elle \u00e9crit : \u00ab <em>ces discours fabriquent et diffusent le concept de \u00ab bon citoyen \u00bb : une personne autonome, d\u00e9cid\u00e9e, responsable, entreprenante et en recherche permanente d\u2019am\u00e9lioration. (\u2026) Le biocitoyen actif s\u2019informe et vit de mani\u00e8re responsable en adaptant son mode de vie et tous les aspects de son environnement physique et social de fa\u00e7on \u00e0 optimiser son bien-\u00eatre.<\/em> \u00bb<\/p><p>Les marques r\u00e9pondent \u00e0 ces attentes ; s\u2019inscrire dans une d\u00e9marche bio, \u00e9quitable, respectueuse, et aujourd\u2019hui de RSE (responsabilit\u00e9 sociale et environnementale des entreprises, ce que l\u2019on nommait autrefois, de fa\u00e7on plus restrictive, d\u00e9veloppement durable) participent de cette \u00e9mulation et de la construction d\u2019un \u00ab super citoyen \u00bb, celui d\u2019une humanit\u00e9 augment\u00e9e.<\/p><blockquote><p>\u00ab Les enjeux sont importants, le march\u00e9 exponentiel, car il s\u2019agit en substance de convertir \u00ab l\u2019ancien monde \u00bb en un \u00ab green world \u00bb plus vertueux. \u00bb<\/p><\/blockquote><h3>ALLIER CONSCIENCE \u00c9COLOGIQUE ET B\u00c9N\u00c9FICES<\/h3><p>Les enjeux sont importants, le march\u00e9 exponentiel, car il s\u2019agit en substance de convertir \u00ab l\u2019ancien monde \u00bb en un \u00ab green world \u00bb plus vertueux.<\/p><p>Quelle marque oserait aujourd\u2019hui ne pas \u00eatre \u00e9thique, responsable, locale ?<\/p><p>Mais le concept marche d\u2019autant mieux qu\u2019il est sinc\u00e8re. Quand la bio-conversion est une d\u00e9marche volontaire, r\u00e9fl\u00e9chie, voulue. Quand le bon coupl\u00e9 au local est une conviction, pas un pr\u00e9texte. Quand on fait ce que l\u2019on dit et que l\u2019on dit ce que l\u2019on fait. Et l\u00e0 c\u2019est le jackpot : un produit inattaquable, un consommateur converti, potentiel ambassadeur. C\u2019est ce sur quoi de nombreuses marques fran\u00e7aises misent, et le font avec audace, inventivit\u00e9 et passion. 1083, Veja, Hector &amp; Virgile, que ce soit dans les cosm\u00e9tiques, l\u2019habillement, la tech ou la d\u00e9coration, tous les secteurs s\u2019en emparent.<\/p><p>Et l\u00e0, le prix n\u2019est (presque) plus un sujet : souvent ces marques peuvent absorber le surco\u00fbt de production sur le sol fran\u00e7ais par une image l\u00e9ch\u00e9e, propre, assur\u00e9e, et surtout sinc\u00e8re. On a l\u2019impression de faire une bonne action, on soutient la production nationale, on verse son obole et on nettoie au passage sa conscience de consommateur occidental\u2026<\/p><p>Il y a toujours la m\u00eame quantit\u00e9 d\u2019eau sur terre, ce qui change, c\u2019est sa r\u00e9partition. De m\u00eame le vice et la vertu s\u2019\u00e9quilibrent. A chacun de voir du quel c\u00f4t\u00e9 il va pencher, et les marques, en bons Jiminy Cricket sont l\u00e0 pour lui montrer le chemin.<\/p><p><em>* La violence de l\u2019imp\u00e9ratif du bien-\u00eatre. Bio-Autres, missions de sauvetage et justice sociale, \u00e9ditions Cairn (2016).<\/em><\/p>\t\t\t\t\t\t\t\t<\/div>\n\t\t\t\t<\/div>\n\t\t\t\t<div class=\"elementor-element elementor-element-df2f5e7 elementor-widget elementor-widget-text-editor\" data-id=\"df2f5e7\" data-element_type=\"widget\" data-widget_type=\"text-editor.default\">\n\t\t\t\t<div class=\"elementor-widget-container\">\n\t\t\t\t\t\t\t\t\t<p style=\"text-align: right;\"><span style=\"color: #000000;\"><a style=\"color: #000000;\" href=\"mailto:contact@omedia.fr\" target=\"_blank\" rel=\"noopener\">Contactez l\u2019un de nos experts en strat\u00e9gie et image RSE<\/a><\/span><\/p>\t\t\t\t\t\t\t\t<\/div>\n\t\t\t\t<\/div>\n\t\t\t\t\t<\/div>\n\t\t\t\t<\/div>\n\t\t\t\t<\/div>\n\t\t","protected":false},"excerpt":{"rendered":"<p>\u00ab\u00a0Beau et bio\u00a0\u00bb, mantra du nouveau consommateur ou peut-\u00eatre sa croix, qui infuse tous les secteurs de l\u2019industrie du luxe. R\u00eave fou [&hellip;]<\/p>\n","protected":false},"author":1,"featured_media":1495,"comment_status":"closed","ping_status":"closed","sticky":false,"template":"elementor_header_footer","format":"standard","meta":{"footnotes":""},"categories":[16],"tags":[],"class_list":["post-1494","post","type-post","status-publish","format-standard","has-post-thumbnail","hentry","category-omediatalk"],"yoast_head":"<!-- This site is optimized with the Yoast SEO plugin v27.4 - https:\/\/yoast.com\/product\/yoast-seo-wordpress\/ -->\n<title>Retour \u00e0 la nature | OMEDIA Paris<\/title>\n<meta name=\"description\" content=\"Les marques de luxe parviendront-elles \u00e0 faire cohabiter vision durable, \u00e9cologie, ancrage dans le temps long et satisfaction instantan\u00e9e?\" \/>\n<meta name=\"robots\" content=\"index, follow, max-snippet:-1, max-image-preview:large, max-video-preview:-1\" \/>\n<link rel=\"canonical\" href=\"https:\/\/www.omediaparis.com\/fr\/retour-a-la-nature\/\" \/>\n<meta property=\"og:locale\" content=\"fr_FR\" \/>\n<meta property=\"og:type\" content=\"article\" \/>\n<meta property=\"og:title\" content=\"Retour \u00e0 la nature | OMEDIA Paris\" \/>\n<meta property=\"og:description\" content=\"Les marques de luxe parviendront-elles \u00e0 faire cohabiter vision durable, \u00e9cologie, ancrage dans le temps long et satisfaction instantan\u00e9e?\" \/>\n<meta property=\"og:url\" content=\"https:\/\/www.omediaparis.com\/fr\/retour-a-la-nature\/\" \/>\n<meta property=\"og:site_name\" content=\"OMEDIA PARIS\" \/>\n<meta property=\"article:published_time\" content=\"2022-01-28T14:09:59+00:00\" \/>\n<meta property=\"article:modified_time\" content=\"2024-07-10T22:57:46+00:00\" \/>\n<meta property=\"og:image\" content=\"https:\/\/www.omediaparis.com\/wp-content\/uploads\/2024\/04\/omedia-omediatalk-retour-a-la-nature.jpg\" \/>\n\t<meta property=\"og:image:width\" content=\"2558\" \/>\n\t<meta property=\"og:image:height\" content=\"2560\" \/>\n\t<meta property=\"og:image:type\" content=\"image\/jpeg\" \/>\n<meta name=\"author\" content=\"OmediaAdmin\" \/>\n<meta name=\"twitter:card\" content=\"summary_large_image\" \/>\n<meta name=\"twitter:label1\" content=\"\u00c9crit par\" \/>\n\t<meta name=\"twitter:data1\" content=\"OmediaAdmin\" \/>\n\t<meta name=\"twitter:label2\" content=\"Dur\u00e9e de lecture estim\u00e9e\" \/>\n\t<meta name=\"twitter:data2\" content=\"8 minutes\" \/>\n<script type=\"application\/ld+json\" class=\"yoast-schema-graph\">{\"@context\":\"https:\\\/\\\/schema.org\",\"@graph\":[{\"@type\":\"Article\",\"@id\":\"https:\\\/\\\/www.omediaparis.com\\\/fr\\\/retour-a-la-nature\\\/#article\",\"isPartOf\":{\"@id\":\"https:\\\/\\\/www.omediaparis.com\\\/fr\\\/retour-a-la-nature\\\/\"},\"author\":{\"name\":\"OmediaAdmin\",\"@id\":\"https:\\\/\\\/www.omediaparis.com\\\/fr\\\/#\\\/schema\\\/person\\\/c67d854c40e8c476cc72d5987c35b7af\"},\"headline\":\"Retour \u00e0 la nature\",\"datePublished\":\"2022-01-28T14:09:59+00:00\",\"dateModified\":\"2024-07-10T22:57:46+00:00\",\"mainEntityOfPage\":{\"@id\":\"https:\\\/\\\/www.omediaparis.com\\\/fr\\\/retour-a-la-nature\\\/\"},\"wordCount\":1693,\"publisher\":{\"@id\":\"https:\\\/\\\/www.omediaparis.com\\\/fr\\\/#organization\"},\"image\":{\"@id\":\"https:\\\/\\\/www.omediaparis.com\\\/fr\\\/retour-a-la-nature\\\/#primaryimage\"},\"thumbnailUrl\":\"https:\\\/\\\/www.omediaparis.com\\\/wp-content\\\/uploads\\\/2024\\\/04\\\/omedia-omediatalk-retour-a-la-nature.jpg\",\"articleSection\":[\"Omediatalk\"],\"inLanguage\":\"fr-FR\"},{\"@type\":\"WebPage\",\"@id\":\"https:\\\/\\\/www.omediaparis.com\\\/fr\\\/retour-a-la-nature\\\/\",\"url\":\"https:\\\/\\\/www.omediaparis.com\\\/fr\\\/retour-a-la-nature\\\/\",\"name\":\"Retour \u00e0 la nature | OMEDIA Paris\",\"isPartOf\":{\"@id\":\"https:\\\/\\\/www.omediaparis.com\\\/fr\\\/#website\"},\"primaryImageOfPage\":{\"@id\":\"https:\\\/\\\/www.omediaparis.com\\\/fr\\\/retour-a-la-nature\\\/#primaryimage\"},\"image\":{\"@id\":\"https:\\\/\\\/www.omediaparis.com\\\/fr\\\/retour-a-la-nature\\\/#primaryimage\"},\"thumbnailUrl\":\"https:\\\/\\\/www.omediaparis.com\\\/wp-content\\\/uploads\\\/2024\\\/04\\\/omedia-omediatalk-retour-a-la-nature.jpg\",\"datePublished\":\"2022-01-28T14:09:59+00:00\",\"dateModified\":\"2024-07-10T22:57:46+00:00\",\"description\":\"Les marques de luxe parviendront-elles \u00e0 faire cohabiter vision durable, \u00e9cologie, ancrage dans le temps long et satisfaction instantan\u00e9e?\",\"breadcrumb\":{\"@id\":\"https:\\\/\\\/www.omediaparis.com\\\/fr\\\/retour-a-la-nature\\\/#breadcrumb\"},\"inLanguage\":\"fr-FR\",\"potentialAction\":[{\"@type\":\"ReadAction\",\"target\":[\"https:\\\/\\\/www.omediaparis.com\\\/fr\\\/retour-a-la-nature\\\/\"]}]},{\"@type\":\"ImageObject\",\"inLanguage\":\"fr-FR\",\"@id\":\"https:\\\/\\\/www.omediaparis.com\\\/fr\\\/retour-a-la-nature\\\/#primaryimage\",\"url\":\"https:\\\/\\\/www.omediaparis.com\\\/wp-content\\\/uploads\\\/2024\\\/04\\\/omedia-omediatalk-retour-a-la-nature.jpg\",\"contentUrl\":\"https:\\\/\\\/www.omediaparis.com\\\/wp-content\\\/uploads\\\/2024\\\/04\\\/omedia-omediatalk-retour-a-la-nature.jpg\",\"width\":2558,\"height\":2560},{\"@type\":\"BreadcrumbList\",\"@id\":\"https:\\\/\\\/www.omediaparis.com\\\/fr\\\/retour-a-la-nature\\\/#breadcrumb\",\"itemListElement\":[{\"@type\":\"ListItem\",\"position\":1,\"name\":\"Accueil\",\"item\":\"https:\\\/\\\/www.omediaparis.com\\\/fr\\\/\"},{\"@type\":\"ListItem\",\"position\":2,\"name\":\"Retour \u00e0 la nature\"}]},{\"@type\":\"WebSite\",\"@id\":\"https:\\\/\\\/www.omediaparis.com\\\/fr\\\/#website\",\"url\":\"https:\\\/\\\/www.omediaparis.com\\\/fr\\\/\",\"name\":\"OMEDIA PARIS\",\"description\":\"Agence de Communication Luxe\",\"publisher\":{\"@id\":\"https:\\\/\\\/www.omediaparis.com\\\/fr\\\/#organization\"},\"potentialAction\":[{\"@type\":\"SearchAction\",\"target\":{\"@type\":\"EntryPoint\",\"urlTemplate\":\"https:\\\/\\\/www.omediaparis.com\\\/fr\\\/?s={search_term_string}\"},\"query-input\":{\"@type\":\"PropertyValueSpecification\",\"valueRequired\":true,\"valueName\":\"search_term_string\"}}],\"inLanguage\":\"fr-FR\"},{\"@type\":\"Organization\",\"@id\":\"https:\\\/\\\/www.omediaparis.com\\\/fr\\\/#organization\",\"name\":\"OMEDIA\",\"url\":\"https:\\\/\\\/www.omediaparis.com\\\/fr\\\/\",\"logo\":{\"@type\":\"ImageObject\",\"inLanguage\":\"fr-FR\",\"@id\":\"https:\\\/\\\/www.omediaparis.com\\\/fr\\\/#\\\/schema\\\/logo\\\/image\\\/\",\"url\":\"https:\\\/\\\/www.omediaparis.com\\\/wp-content\\\/uploads\\\/2024\\\/03\\\/logo-omedia.png\",\"contentUrl\":\"https:\\\/\\\/www.omediaparis.com\\\/wp-content\\\/uploads\\\/2024\\\/03\\\/logo-omedia.png\",\"width\":828,\"height\":220,\"caption\":\"OMEDIA\"},\"image\":{\"@id\":\"https:\\\/\\\/www.omediaparis.com\\\/fr\\\/#\\\/schema\\\/logo\\\/image\\\/\"},\"sameAs\":[\"https:\\\/\\\/www.instagram.com\\\/omediaparis\\\/\",\"https:\\\/\\\/www.linkedin.com\\\/company\\\/omedia\\\/\"]},{\"@type\":\"Person\",\"@id\":\"https:\\\/\\\/www.omediaparis.com\\\/fr\\\/#\\\/schema\\\/person\\\/c67d854c40e8c476cc72d5987c35b7af\",\"name\":\"OmediaAdmin\",\"image\":{\"@type\":\"ImageObject\",\"inLanguage\":\"fr-FR\",\"@id\":\"https:\\\/\\\/secure.gravatar.com\\\/avatar\\\/309347cbd1b1ad2f15b93cf67c5bb2b4a948c716ba4f3ce63259e5a315144f8c?s=96&d=mm&r=g\",\"url\":\"https:\\\/\\\/secure.gravatar.com\\\/avatar\\\/309347cbd1b1ad2f15b93cf67c5bb2b4a948c716ba4f3ce63259e5a315144f8c?s=96&d=mm&r=g\",\"contentUrl\":\"https:\\\/\\\/secure.gravatar.com\\\/avatar\\\/309347cbd1b1ad2f15b93cf67c5bb2b4a948c716ba4f3ce63259e5a315144f8c?s=96&d=mm&r=g\",\"caption\":\"OmediaAdmin\"},\"sameAs\":[\"https:\\\/\\\/www.omediaparis.com\"]}]}<\/script>\n<!-- \/ Yoast SEO plugin. -->","yoast_head_json":{"title":"Retour \u00e0 la nature | OMEDIA Paris","description":"Les marques de luxe parviendront-elles \u00e0 faire cohabiter vision durable, \u00e9cologie, ancrage dans le temps long et satisfaction instantan\u00e9e?","robots":{"index":"index","follow":"follow","max-snippet":"max-snippet:-1","max-image-preview":"max-image-preview:large","max-video-preview":"max-video-preview:-1"},"canonical":"https:\/\/www.omediaparis.com\/fr\/retour-a-la-nature\/","og_locale":"fr_FR","og_type":"article","og_title":"Retour \u00e0 la nature | OMEDIA Paris","og_description":"Les marques de luxe parviendront-elles \u00e0 faire cohabiter vision durable, \u00e9cologie, ancrage dans le temps long et satisfaction instantan\u00e9e?","og_url":"https:\/\/www.omediaparis.com\/fr\/retour-a-la-nature\/","og_site_name":"OMEDIA PARIS","article_published_time":"2022-01-28T14:09:59+00:00","article_modified_time":"2024-07-10T22:57:46+00:00","og_image":[{"width":2558,"height":2560,"url":"https:\/\/www.omediaparis.com\/wp-content\/uploads\/2024\/04\/omedia-omediatalk-retour-a-la-nature.jpg","type":"image\/jpeg"}],"author":"OmediaAdmin","twitter_card":"summary_large_image","twitter_misc":{"\u00c9crit par":"OmediaAdmin","Dur\u00e9e de lecture estim\u00e9e":"8 minutes"},"schema":{"@context":"https:\/\/schema.org","@graph":[{"@type":"Article","@id":"https:\/\/www.omediaparis.com\/fr\/retour-a-la-nature\/#article","isPartOf":{"@id":"https:\/\/www.omediaparis.com\/fr\/retour-a-la-nature\/"},"author":{"name":"OmediaAdmin","@id":"https:\/\/www.omediaparis.com\/fr\/#\/schema\/person\/c67d854c40e8c476cc72d5987c35b7af"},"headline":"Retour \u00e0 la nature","datePublished":"2022-01-28T14:09:59+00:00","dateModified":"2024-07-10T22:57:46+00:00","mainEntityOfPage":{"@id":"https:\/\/www.omediaparis.com\/fr\/retour-a-la-nature\/"},"wordCount":1693,"publisher":{"@id":"https:\/\/www.omediaparis.com\/fr\/#organization"},"image":{"@id":"https:\/\/www.omediaparis.com\/fr\/retour-a-la-nature\/#primaryimage"},"thumbnailUrl":"https:\/\/www.omediaparis.com\/wp-content\/uploads\/2024\/04\/omedia-omediatalk-retour-a-la-nature.jpg","articleSection":["Omediatalk"],"inLanguage":"fr-FR"},{"@type":"WebPage","@id":"https:\/\/www.omediaparis.com\/fr\/retour-a-la-nature\/","url":"https:\/\/www.omediaparis.com\/fr\/retour-a-la-nature\/","name":"Retour \u00e0 la nature | OMEDIA Paris","isPartOf":{"@id":"https:\/\/www.omediaparis.com\/fr\/#website"},"primaryImageOfPage":{"@id":"https:\/\/www.omediaparis.com\/fr\/retour-a-la-nature\/#primaryimage"},"image":{"@id":"https:\/\/www.omediaparis.com\/fr\/retour-a-la-nature\/#primaryimage"},"thumbnailUrl":"https:\/\/www.omediaparis.com\/wp-content\/uploads\/2024\/04\/omedia-omediatalk-retour-a-la-nature.jpg","datePublished":"2022-01-28T14:09:59+00:00","dateModified":"2024-07-10T22:57:46+00:00","description":"Les marques de luxe parviendront-elles \u00e0 faire cohabiter vision durable, \u00e9cologie, ancrage dans le temps long et satisfaction instantan\u00e9e?","breadcrumb":{"@id":"https:\/\/www.omediaparis.com\/fr\/retour-a-la-nature\/#breadcrumb"},"inLanguage":"fr-FR","potentialAction":[{"@type":"ReadAction","target":["https:\/\/www.omediaparis.com\/fr\/retour-a-la-nature\/"]}]},{"@type":"ImageObject","inLanguage":"fr-FR","@id":"https:\/\/www.omediaparis.com\/fr\/retour-a-la-nature\/#primaryimage","url":"https:\/\/www.omediaparis.com\/wp-content\/uploads\/2024\/04\/omedia-omediatalk-retour-a-la-nature.jpg","contentUrl":"https:\/\/www.omediaparis.com\/wp-content\/uploads\/2024\/04\/omedia-omediatalk-retour-a-la-nature.jpg","width":2558,"height":2560},{"@type":"BreadcrumbList","@id":"https:\/\/www.omediaparis.com\/fr\/retour-a-la-nature\/#breadcrumb","itemListElement":[{"@type":"ListItem","position":1,"name":"Accueil","item":"https:\/\/www.omediaparis.com\/fr\/"},{"@type":"ListItem","position":2,"name":"Retour \u00e0 la nature"}]},{"@type":"WebSite","@id":"https:\/\/www.omediaparis.com\/fr\/#website","url":"https:\/\/www.omediaparis.com\/fr\/","name":"OMEDIA PARIS","description":"Agence de Communication Luxe","publisher":{"@id":"https:\/\/www.omediaparis.com\/fr\/#organization"},"potentialAction":[{"@type":"SearchAction","target":{"@type":"EntryPoint","urlTemplate":"https:\/\/www.omediaparis.com\/fr\/?s={search_term_string}"},"query-input":{"@type":"PropertyValueSpecification","valueRequired":true,"valueName":"search_term_string"}}],"inLanguage":"fr-FR"},{"@type":"Organization","@id":"https:\/\/www.omediaparis.com\/fr\/#organization","name":"OMEDIA","url":"https:\/\/www.omediaparis.com\/fr\/","logo":{"@type":"ImageObject","inLanguage":"fr-FR","@id":"https:\/\/www.omediaparis.com\/fr\/#\/schema\/logo\/image\/","url":"https:\/\/www.omediaparis.com\/wp-content\/uploads\/2024\/03\/logo-omedia.png","contentUrl":"https:\/\/www.omediaparis.com\/wp-content\/uploads\/2024\/03\/logo-omedia.png","width":828,"height":220,"caption":"OMEDIA"},"image":{"@id":"https:\/\/www.omediaparis.com\/fr\/#\/schema\/logo\/image\/"},"sameAs":["https:\/\/www.instagram.com\/omediaparis\/","https:\/\/www.linkedin.com\/company\/omedia\/"]},{"@type":"Person","@id":"https:\/\/www.omediaparis.com\/fr\/#\/schema\/person\/c67d854c40e8c476cc72d5987c35b7af","name":"OmediaAdmin","image":{"@type":"ImageObject","inLanguage":"fr-FR","@id":"https:\/\/secure.gravatar.com\/avatar\/309347cbd1b1ad2f15b93cf67c5bb2b4a948c716ba4f3ce63259e5a315144f8c?s=96&d=mm&r=g","url":"https:\/\/secure.gravatar.com\/avatar\/309347cbd1b1ad2f15b93cf67c5bb2b4a948c716ba4f3ce63259e5a315144f8c?s=96&d=mm&r=g","contentUrl":"https:\/\/secure.gravatar.com\/avatar\/309347cbd1b1ad2f15b93cf67c5bb2b4a948c716ba4f3ce63259e5a315144f8c?s=96&d=mm&r=g","caption":"OmediaAdmin"},"sameAs":["https:\/\/www.omediaparis.com"]}]}},"_links":{"self":[{"href":"https:\/\/www.omediaparis.com\/fr\/wp-json\/wp\/v2\/posts\/1494","targetHints":{"allow":["GET"]}}],"collection":[{"href":"https:\/\/www.omediaparis.com\/fr\/wp-json\/wp\/v2\/posts"}],"about":[{"href":"https:\/\/www.omediaparis.com\/fr\/wp-json\/wp\/v2\/types\/post"}],"author":[{"embeddable":true,"href":"https:\/\/www.omediaparis.com\/fr\/wp-json\/wp\/v2\/users\/1"}],"replies":[{"embeddable":true,"href":"https:\/\/www.omediaparis.com\/fr\/wp-json\/wp\/v2\/comments?post=1494"}],"version-history":[{"count":12,"href":"https:\/\/www.omediaparis.com\/fr\/wp-json\/wp\/v2\/posts\/1494\/revisions"}],"predecessor-version":[{"id":4595,"href":"https:\/\/www.omediaparis.com\/fr\/wp-json\/wp\/v2\/posts\/1494\/revisions\/4595"}],"wp:featuredmedia":[{"embeddable":true,"href":"https:\/\/www.omediaparis.com\/fr\/wp-json\/wp\/v2\/media\/1495"}],"wp:attachment":[{"href":"https:\/\/www.omediaparis.com\/fr\/wp-json\/wp\/v2\/media?parent=1494"}],"wp:term":[{"taxonomy":"category","embeddable":true,"href":"https:\/\/www.omediaparis.com\/fr\/wp-json\/wp\/v2\/categories?post=1494"},{"taxonomy":"post_tag","embeddable":true,"href":"https:\/\/www.omediaparis.com\/fr\/wp-json\/wp\/v2\/tags?post=1494"}],"curies":[{"name":"wp","href":"https:\/\/api.w.org\/{rel}","templated":true}]}}