{"id":1200,"date":"2021-12-15T12:55:47","date_gmt":"2021-12-15T11:55:47","guid":{"rendered":"https:\/\/www.omediaparis.com\/?p=1200"},"modified":"2024-05-02T01:06:59","modified_gmt":"2024-05-01T23:06:59","slug":"cdi-directeurrice-responsable-de-clientele","status":"publish","type":"post","link":"https:\/\/www.omediaparis.com\/fr\/cdi-directeurrice-responsable-de-clientele\/","title":{"rendered":"CDI &#8211; Directeur(rice) \/ Responsable de Client\u00e8le"},"content":{"rendered":"\t\t<div data-elementor-type=\"wp-post\" data-elementor-id=\"1200\" class=\"elementor elementor-1200\" data-elementor-post-type=\"post\">\n\t\t\t\t<div class=\"elementor-element elementor-element-61f2d04 e-flex e-con-boxed e-con e-parent\" data-id=\"61f2d04\" data-element_type=\"container\">\n\t\t\t\t\t<div class=\"e-con-inner\">\n\t\t\t\t<div class=\"elementor-element elementor-element-1516fdd elementor-widget elementor-widget-heading\" data-id=\"1516fdd\" data-element_type=\"widget\" data-widget_type=\"heading.default\">\n\t\t\t\t<div class=\"elementor-widget-container\">\n\t\t\t\t\t<h2 class=\"elementor-heading-title elementor-size-default\">CDI - Directeur(rice) \/ Responsable de Client\u00e8le<\/h2>\t\t\t\t<\/div>\n\t\t\t\t<\/div>\n\t\t\t\t<div class=\"elementor-element elementor-element-b288205 elementor-widget-divider--view-line elementor-widget elementor-widget-divider\" data-id=\"b288205\" data-element_type=\"widget\" data-widget_type=\"divider.default\">\n\t\t\t\t<div class=\"elementor-widget-container\">\n\t\t\t\t\t\t\t<div class=\"elementor-divider\">\n\t\t\t<span class=\"elementor-divider-separator\">\n\t\t\t\t\t\t<\/span>\n\t\t<\/div>\n\t\t\t\t\t\t<\/div>\n\t\t\t\t<\/div>\n\t\t\t\t<div class=\"elementor-element elementor-element-2f8dee7 elementor-widget elementor-widget-heading\" data-id=\"2f8dee7\" data-element_type=\"widget\" data-widget_type=\"heading.default\">\n\t\t\t\t<div class=\"elementor-widget-container\">\n\t\t\t\t\t<h2 class=\"elementor-heading-title elementor-size-default\">CREATIVE SPIRIT ! VIVEZ L\u2019EXP\u00c9RIENCE OMEDIA<\/h2>\t\t\t\t<\/div>\n\t\t\t\t<\/div>\n\t\t\t\t<div class=\"elementor-element elementor-element-3c2e54a elementor-widget-divider--view-line elementor-widget elementor-widget-divider\" data-id=\"3c2e54a\" data-element_type=\"widget\" data-widget_type=\"divider.default\">\n\t\t\t\t<div class=\"elementor-widget-container\">\n\t\t\t\t\t\t\t<div class=\"elementor-divider\">\n\t\t\t<span class=\"elementor-divider-separator\">\n\t\t\t\t\t\t<\/span>\n\t\t<\/div>\n\t\t\t\t\t\t<\/div>\n\t\t\t\t<\/div>\n\t\t\t\t<div class=\"elementor-element elementor-element-2effbc4 elementor-widget elementor-widget-text-editor\" data-id=\"2effbc4\" data-element_type=\"widget\" data-widget_type=\"text-editor.default\">\n\t\t\t\t<div class=\"elementor-widget-container\">\n\t\t\t\t\t\t\t\t\t<p><strong>Exprimez votre expertise conseil au service des plus grandes Maisons de luxe.<\/strong><\/p><p>Rejoignez nos \u00e9quipes et exprimez pleinement votre esprit business, votre cr\u00e9ativit\u00e9 et vos talents de manager pour g\u00e9rer un portefeuille de clients des plus prestigieux.<br \/>Omedia accompagne depuis plus de 20 ans les plus belles marques de parfums, cosm\u00e9tiques, mode, horlogerie, joaillerie ou vins et spiritueux.<br \/>Passionn\u00e9.e par l\u2019histoire des grandes maisons de luxe, sp\u00e9cialiste des enjeux tr\u00e8s sp\u00e9cifiques de ce secteur en \u00e9volution constante, vous avez le sens de l\u2019esth\u00e9tisme, de l\u2019image, de la cr\u00e9ation et savez parfaitement r\u00e9pondre aux exigences d\u2019une client\u00e8le d\u2019exception.<br \/>Nous conseillons nos clients dans leur strat\u00e9gie de marque, strat\u00e9gie d\u2019image, strat\u00e9gie digitale (web et social media) jusqu\u2019\u00e0 la production de contenus photo et video, et l\u2019\u00e9dition d\u2019exception.<\/p><p>Tout au long de votre exp\u00e9rience, vous serez immerg\u00e9(e) dans un univers cr\u00e9atif, innovant et apprenant, o\u00f9 talents et personnalit\u00e9s de tous horizons s\u2019y c\u00f4toient dans le respect de leurs singularit\u00e9s.<\/p><p>Nous recherchons <strong>notre futur(e) Responsable\/ Directeur(rice) de Client\u00e8le :<\/strong><\/p>\t\t\t\t\t\t\t\t<\/div>\n\t\t\t\t<\/div>\n\t\t\t\t<div class=\"elementor-element elementor-element-e214130 elementor-widget elementor-widget-heading\" data-id=\"e214130\" data-element_type=\"widget\" data-widget_type=\"heading.default\">\n\t\t\t\t<div class=\"elementor-widget-container\">\n\t\t\t\t\t<h2 class=\"elementor-heading-title elementor-size-default\">DESCRIPTION DU POSTE<\/h2>\t\t\t\t<\/div>\n\t\t\t\t<\/div>\n\t\t\t\t<div class=\"elementor-element elementor-element-ece5be8 elementor-widget-divider--view-line elementor-widget elementor-widget-divider\" data-id=\"ece5be8\" data-element_type=\"widget\" data-widget_type=\"divider.default\">\n\t\t\t\t<div class=\"elementor-widget-container\">\n\t\t\t\t\t\t\t<div class=\"elementor-divider\">\n\t\t\t<span class=\"elementor-divider-separator\">\n\t\t\t\t\t\t<\/span>\n\t\t<\/div>\n\t\t\t\t\t\t<\/div>\n\t\t\t\t<\/div>\n\t\t\t\t<div class=\"elementor-element elementor-element-c0173fd elementor-widget elementor-widget-text-editor\" data-id=\"c0173fd\" data-element_type=\"widget\" data-widget_type=\"text-editor.default\">\n\t\t\t\t<div class=\"elementor-widget-container\">\n\t\t\t\t\t\t\t\t\t<p>Rattach\u00e9(e) \u00e0 la Direction, vous serez amen\u00e9(e) en v\u00e9ritable strat\u00e8ge passionn\u00e9(e), \u00e0 d\u00e9velopper, piloter, et fid\u00e9liser un portefeuille de clients d\u00e9di\u00e9 que vous conseillez sur des probl\u00e9matiques de communication globale dans l\u2019univers du Luxe.<\/p>\t\t\t\t\t\t\t\t<\/div>\n\t\t\t\t<\/div>\n\t\t\t\t<div class=\"elementor-element elementor-element-2948c4c elementor-widget elementor-widget-heading\" data-id=\"2948c4c\" data-element_type=\"widget\" data-widget_type=\"heading.default\">\n\t\t\t\t<div class=\"elementor-widget-container\">\n\t\t\t\t\t<h2 class=\"elementor-heading-title elementor-size-default\">RESPONSABILIT\u00c9S ET MISSIONS<\/h2>\t\t\t\t<\/div>\n\t\t\t\t<\/div>\n\t\t\t\t<div class=\"elementor-element elementor-element-0e20122 elementor-widget-divider--view-line elementor-widget elementor-widget-divider\" data-id=\"0e20122\" data-element_type=\"widget\" data-widget_type=\"divider.default\">\n\t\t\t\t<div class=\"elementor-widget-container\">\n\t\t\t\t\t\t\t<div class=\"elementor-divider\">\n\t\t\t<span class=\"elementor-divider-separator\">\n\t\t\t\t\t\t<\/span>\n\t\t<\/div>\n\t\t\t\t\t\t<\/div>\n\t\t\t\t<\/div>\n\t\t\t\t<div class=\"elementor-element elementor-element-068c788 elementor-widget elementor-widget-text-editor\" data-id=\"068c788\" data-element_type=\"widget\" data-widget_type=\"text-editor.default\">\n\t\t\t\t<div class=\"elementor-widget-container\">\n\t\t\t\t\t\t\t\t\t<ul class=\"list-talents\">\n \t<li>Accompagner et fid\u00e9liser un portefeuille de clients prestigieux<\/li>\n \t<li>\u00c9laborer les recommandations strat\u00e9giques de l\u2019agence<\/li>\n \t<li>Impulser les phases de conception cr\u00e9ative et \u00e9ditoriale<\/li>\n \t<li>Initier le d\u00e9ploiement des marques en 360<\/li>\n \t<li>Piloter et manager les \u00e9quipes afin d&rsquo;assurer le succ\u00e8s des campagnes\u00a0sur vos multiples projets<\/li>\n<\/ul>\t\t\t\t\t\t\t\t<\/div>\n\t\t\t\t<\/div>\n\t\t\t\t<div class=\"elementor-element elementor-element-cb370b2 elementor-widget elementor-widget-heading\" data-id=\"cb370b2\" data-element_type=\"widget\" data-widget_type=\"heading.default\">\n\t\t\t\t<div class=\"elementor-widget-container\">\n\t\t\t\t\t<h2 class=\"elementor-heading-title elementor-size-default\">PROFIL RECHERCH\u00c9<\/h2>\t\t\t\t<\/div>\n\t\t\t\t<\/div>\n\t\t\t\t<div class=\"elementor-element elementor-element-b65c35b elementor-widget-divider--view-line elementor-widget elementor-widget-divider\" data-id=\"b65c35b\" data-element_type=\"widget\" data-widget_type=\"divider.default\">\n\t\t\t\t<div class=\"elementor-widget-container\">\n\t\t\t\t\t\t\t<div class=\"elementor-divider\">\n\t\t\t<span class=\"elementor-divider-separator\">\n\t\t\t\t\t\t<\/span>\n\t\t<\/div>\n\t\t\t\t\t\t<\/div>\n\t\t\t\t<\/div>\n\t\t\t\t<div class=\"elementor-element elementor-element-47e7a6c elementor-widget elementor-widget-text-editor\" data-id=\"47e7a6c\" data-element_type=\"widget\" data-widget_type=\"text-editor.default\">\n\t\t\t\t<div class=\"elementor-widget-container\">\n\t\t\t\t\t\t\t\t\t<p>Formation Bac+4\/5 en commerce, communication, marketing et\/ou publicit\u00e9, vous justifiez d\u2019une exp\u00e9rience d\u2019au moins 2 ans en management de projets en agence de publicit\u00e9 ou chez l\u2019annonceur.<br \/>Vous avez une forte app\u00e9tence pour le luxe.<br \/>Organis\u00e9(e) et proactif(ve), vous \u00eates curieux(se), persuasif(ve), autonome, et poss\u00e9dez de bonnes qualit\u00e9s relationnelles et r\u00e9dactionnelles. Vous aimez analyser, inspirer, embarquer des \u00e9quipes avec cr\u00e9ativit\u00e9, vous avez le sens du business, le souci du d\u00e9tail et la valeur de l\u2019excellence.<br \/>Vous pouvez travailler en anglais aussi bien \u00e0 l\u2019oral qu\u2019\u00e0 l\u2019\u00e9crit.<\/p>\t\t\t\t\t\t\t\t<\/div>\n\t\t\t\t<\/div>\n\t\t\t\t<div class=\"elementor-element elementor-element-f94668a elementor-widget elementor-widget-heading\" data-id=\"f94668a\" data-element_type=\"widget\" data-widget_type=\"heading.default\">\n\t\t\t\t<div class=\"elementor-widget-container\">\n\t\t\t\t\t<h2 class=\"elementor-heading-title elementor-size-default\">REJOIGNEZ-NOUS !<\/h2>\t\t\t\t<\/div>\n\t\t\t\t<\/div>\n\t\t\t\t<div class=\"elementor-element elementor-element-8b826b2 elementor-widget-divider--view-line elementor-widget elementor-widget-divider\" data-id=\"8b826b2\" data-element_type=\"widget\" data-widget_type=\"divider.default\">\n\t\t\t\t<div class=\"elementor-widget-container\">\n\t\t\t\t\t\t\t<div class=\"elementor-divider\">\n\t\t\t<span class=\"elementor-divider-separator\">\n\t\t\t\t\t\t<\/span>\n\t\t<\/div>\n\t\t\t\t\t\t<\/div>\n\t\t\t\t<\/div>\n\t\t\t\t<div class=\"elementor-element elementor-element-398900a elementor-widget elementor-widget-text-editor\" data-id=\"398900a\" data-element_type=\"widget\" data-widget_type=\"text-editor.default\">\n\t\t\t\t<div class=\"elementor-widget-container\">\n\t\t\t\t\t\t\t\t\t<p>Date de d\u00e9but : D\u00e8s que possible<br \/>Localisation : Paris 8\u00e8me<br \/>Type d\u2019emploi : CDI<br \/>R\u00e9mun\u00e9ration : selon profil \u2013 Fixe + commissions<\/p><p>Envoyez votre candidature (CV et lettre de motivation) avec en objet \u00ab\u00a0<b data-stringify-type=\"bold\">Candidature \u2013 Directeur(rice) de Client\u00e8le<\/b>\u00a0\u00bb \u00e0\u00a0<span style=\"text-decoration: underline;\"><a href=\"mailto:contact@omedia.fr?subject=Candidature - Directeur(rice) de Client\u00e8le\">contact@omedia.fr<\/a><\/span>.<br \/>Nous ne r\u00e9pondrons qu&rsquo;aux candidatures compl\u00e8tes en lien avec l&rsquo;annonce.<\/p><p><i data-stringify-type=\"italic\">Omedia s&rsquo;engage \u00e0 garantir l&rsquo;\u00e9galit\u00e9 des chances dans son recrutement, sans attacher d&rsquo;opinion sur les origines, le genre, le handicap, la religion et tout autre \u00e9l\u00e9ment identitaire.<\/i><\/p>\t\t\t\t\t\t\t\t<\/div>\n\t\t\t\t<\/div>\n\t\t\t\t<div class=\"elementor-element elementor-element-bdefb1e elementor-widget elementor-widget-button\" data-id=\"bdefb1e\" data-element_type=\"widget\" data-widget_type=\"button.default\">\n\t\t\t\t<div class=\"elementor-widget-container\">\n\t\t\t\t\t\t\t\t\t<div class=\"elementor-button-wrapper\">\n\t\t\t\t\t<a class=\"elementor-button elementor-button-link elementor-size-sm\" href=\"mailto:contact@omedia.fr?subject=Candidature%20-%20Directeur(rice)%20de%20Client\u00e8le\">\n\t\t\t\t\t\t<span class=\"elementor-button-content-wrapper\">\n\t\t\t\t\t\t\t\t\t<span class=\"elementor-button-text\">contact@omedia.fr<\/span>\n\t\t\t\t\t<\/span>\n\t\t\t\t\t<\/a>\n\t\t\t\t<\/div>\n\t\t\t\t\t\t\t\t<\/div>\n\t\t\t\t<\/div>\n\t\t\t\t<div class=\"elementor-element elementor-element-a88d60a elementor-widget-divider--view-line elementor-widget elementor-widget-divider\" data-id=\"a88d60a\" data-element_type=\"widget\" data-widget_type=\"divider.default\">\n\t\t\t\t<div class=\"elementor-widget-container\">\n\t\t\t\t\t\t\t<div class=\"elementor-divider\">\n\t\t\t<span class=\"elementor-divider-separator\">\n\t\t\t\t\t\t<\/span>\n\t\t<\/div>\n\t\t\t\t\t\t<\/div>\n\t\t\t\t<\/div>\n\t\t\t\t<div class=\"elementor-element elementor-element-e153fcf elementor-posts--thumbnail-none elementor-posts__hover-none elementor-grid-3 elementor-grid-tablet-2 elementor-grid-mobile-1 elementor-card-shadow-yes elementor-widget elementor-widget-posts\" data-id=\"e153fcf\" data-element_type=\"widget\" data-settings=\"{&quot;cards_row_gap&quot;:{&quot;unit&quot;:&quot;rem&quot;,&quot;size&quot;:2,&quot;sizes&quot;:[]},&quot;cards_row_gap_tablet&quot;:{&quot;unit&quot;:&quot;rem&quot;,&quot;size&quot;:&quot;&quot;,&quot;sizes&quot;:[]},&quot;cards_row_gap_mobile&quot;:{&quot;unit&quot;:&quot;rem&quot;,&quot;size&quot;:&quot;&quot;,&quot;sizes&quot;:[]},&quot;cards_columns&quot;:&quot;3&quot;,&quot;cards_columns_tablet&quot;:&quot;2&quot;,&quot;cards_columns_mobile&quot;:&quot;1&quot;}\" data-widget_type=\"posts.cards\">\n\t\t\t\t<div class=\"elementor-widget-container\">\n\t\t\t\t\t\t\t<div class=\"elementor-posts-container elementor-posts elementor-posts--skin-cards elementor-grid\" role=\"list\">\n\t\t\t\t<article class=\"elementor-post elementor-grid-item post-1162 post type-post status-publish format-standard hentry category-talents\" role=\"listitem\">\n\t\t\t<div class=\"elementor-post__card\">\n\t\t\t\t<div class=\"elementor-post__text\">\n\t\t\t\t<h3 class=\"elementor-post__title\">\n\t\t\t<a href=\"https:\/\/www.omediaparis.com\/fr\/cdi-directeurrice-artistique\/\" >\n\t\t\t\tCDI &#8211; Directeur(rice) Artistique\t\t\t<\/a>\n\t\t<\/h3>\n\t\t\t\t<div class=\"elementor-post__excerpt\">\n\t\t\t<p>Rattach\u00e9(e) au Directeur de la cr\u00e9ation, vous serez amen\u00e9(e) \u00e0 concevoir et d\u00e9velopper une vision artistique pour nos marques et clients prestigieux.<br \/>Tout au long de votre exp\u00e9rience, vous serez immerg\u00e9(e) dans un univers d\u2019experts cr\u00e9atifs, innovants et apprenants, o\u00f9 talents et personnalit\u00e9s de tous horizons s\u2019y c\u00f4toient dans le respect de leurs singularit\u00e9s.<br \/> R\u00e9flexion strat\u00e9gique et cr\u00e9ative, Cr\u00e9ation et r\u00e9alisation de projets 360, Identit\u00e9 visuelle, iconographie&#8230;<\/p>\n\t\t<\/div>\n\t\t\t\t\t<div class=\"elementor-post__read-more-wrapper\">\n\t\t\n\t\t<a class=\"elementor-post__read-more\" href=\"https:\/\/www.omediaparis.com\/fr\/cdi-directeurrice-artistique\/\" aria-label=\"Read more about CDI &#8211; Directeur(rice) Artistique\" tabindex=\"-1\" >\n\t\t\tVOIR PLUS\t\t<\/a>\n\n\t\t\t\t\t<\/div>\n\t\t\t\t<\/div>\n\t\t\t\t\t<\/div>\n\t\t<\/article>\n\t\t\t\t<article class=\"elementor-post elementor-grid-item post-1194 post type-post status-publish format-standard hentry category-talents\" role=\"listitem\">\n\t\t\t<div class=\"elementor-post__card\">\n\t\t\t\t<div class=\"elementor-post__text\">\n\t\t\t\t<h3 class=\"elementor-post__title\">\n\t\t\t<a href=\"https:\/\/www.omediaparis.com\/fr\/stage-assistante-cheffe-de-projet-digital\/\" >\n\t\t\t\tSTAGE &#8211; Assistant(e) chef(fe) de projet digital\t\t\t<\/a>\n\t\t<\/h3>\n\t\t\t\t<div class=\"elementor-post__excerpt\">\n\t\t\t<p>Rattach\u00e9(e) au Responsable des Projets Digitaux, vous serez amen\u00e9(e) \u00e0 intervenir aupr\u00e8s de plusieurs comptes luxe sur des probl\u00e9matiques omnicanales : Plateformes digitales, apps, webmarketing, CRM, social media, influence, campagnes digitales\u2026<br \/> \t\tAnalyse du brief, participation \u00e0 la d\u00e9finition et au cadrage du p\u00e9rim\u00e8tre du projet, des objectifs, des KPIs et des d\u00e9lais<br \/> \t\tAssurer la phase de r\u00e9ponse aux clients et de l\u2019entretien de la bonne relation\u2026<\/p>\n\t\t<\/div>\n\t\t\t\t\t<div class=\"elementor-post__read-more-wrapper\">\n\t\t\n\t\t<a class=\"elementor-post__read-more\" href=\"https:\/\/www.omediaparis.com\/fr\/stage-assistante-cheffe-de-projet-digital\/\" aria-label=\"Read more about STAGE &#8211; Assistant(e) chef(fe) de projet digital\" tabindex=\"-1\" >\n\t\t\tVOIR PLUS\t\t<\/a>\n\n\t\t\t\t\t<\/div>\n\t\t\t\t<\/div>\n\t\t\t\t\t<\/div>\n\t\t<\/article>\n\t\t\t\t<article class=\"elementor-post elementor-grid-item post-1200 post type-post status-publish format-standard hentry category-talents\" role=\"listitem\">\n\t\t\t<div class=\"elementor-post__card\">\n\t\t\t\t<div class=\"elementor-post__text\">\n\t\t\t\t<h3 class=\"elementor-post__title\">\n\t\t\t<a href=\"https:\/\/www.omediaparis.com\/fr\/cdi-directeurrice-responsable-de-clientele\/\" >\n\t\t\t\tCDI &#8211; Directeur(rice) \/ Responsable de Client\u00e8le\t\t\t<\/a>\n\t\t<\/h3>\n\t\t\t\t<div class=\"elementor-post__excerpt\">\n\t\t\t<p>Rattach\u00e9(e) \u00e0 la Direction, vous serez amen\u00e9(e) en v\u00e9ritable strat\u00e8ge passionn\u00e9(e), \u00e0 d\u00e9velopper, piloter, et fid\u00e9liser un portefeuille de clients d\u00e9di\u00e9 que vous conseillez sur des probl\u00e9matiques de communication globale dans l\u2019univers du Luxe.<br \/> \t\tD\u00e9velopper et fid\u00e9liser un portefeuille de clients<br \/> \t\tParticiper aux actions de prospection de l\u2019agence<br \/> \t\tInitier les r\u00e9flexions strat\u00e9giques en analysant le brief, diagnostiquant son enjeu et ses perspectives, conseiller et recommander la strat\u00e9gie on et off-line et son plan d\u2019actions&#8230;<\/p>\n\t\t<\/div>\n\t\t\t\t\t<div class=\"elementor-post__read-more-wrapper\">\n\t\t\n\t\t<a class=\"elementor-post__read-more\" href=\"https:\/\/www.omediaparis.com\/fr\/cdi-directeurrice-responsable-de-clientele\/\" aria-label=\"Read more about CDI &#8211; Directeur(rice) \/ Responsable de Client\u00e8le\" tabindex=\"-1\" >\n\t\t\tVOIR PLUS\t\t<\/a>\n\n\t\t\t\t\t<\/div>\n\t\t\t\t<\/div>\n\t\t\t\t\t<\/div>\n\t\t<\/article>\n\t\t\t\t<article class=\"elementor-post elementor-grid-item post-1185 post type-post status-publish format-standard hentry category-talents\" role=\"listitem\">\n\t\t\t<div class=\"elementor-post__card\">\n\t\t\t\t<div class=\"elementor-post__text\">\n\t\t\t\t<h3 class=\"elementor-post__title\">\n\t\t\t<a href=\"https:\/\/www.omediaparis.com\/fr\/cdi-cheffe-de-projet-image\/\" >\n\t\t\t\tCDI &#8211; Chef(fe) de Projet Image\t\t\t<\/a>\n\t\t<\/h3>\n\t\t\t\t<div class=\"elementor-post__excerpt\">\n\t\t\t<p>Rattach\u00e9(e) \u00e0 la Directrice des Projets Image, vous serez amen\u00e9(e) \u00e0 intervenir aupr\u00e8s de plusieurs comptes luxe sur des probl\u00e9matiques de communication globale, en v\u00e9ritable chef d\u2019orchestre.<br \/> Vous \u00eates l\u2019interface principale du client. Un m\u00e9tier passionnant qui conjugue cr\u00e9ativit\u00e9, business et organisation.<br \/> G\u00e9rer, organiser et coordonner plusieurs comptes ;<br \/> Analyse du brief, d\u00e9finition et cadrage du p\u00e9rim\u00e8tre du projet, des objectifs, des budgets et des d\u00e9lais&#8230;<\/p>\n\t\t<\/div>\n\t\t\t\t\t<div class=\"elementor-post__read-more-wrapper\">\n\t\t\n\t\t<a class=\"elementor-post__read-more\" href=\"https:\/\/www.omediaparis.com\/fr\/cdi-cheffe-de-projet-image\/\" aria-label=\"Read more about CDI &#8211; Chef(fe) de Projet Image\" tabindex=\"-1\" >\n\t\t\tVOIR PLUS\t\t<\/a>\n\n\t\t\t\t\t<\/div>\n\t\t\t\t<\/div>\n\t\t\t\t\t<\/div>\n\t\t<\/article>\n\t\t\t\t<\/div>\n\t\t\n\t\t\t\t\t\t<\/div>\n\t\t\t\t<\/div>\n\t\t\t\t\t<\/div>\n\t\t\t\t<\/div>\n\t\t\t\t<\/div>\n\t\t","protected":false},"excerpt":{"rendered":"<p>Rattach\u00e9(e) \u00e0 la Direction, vous serez amen\u00e9(e) en v\u00e9ritable strat\u00e8ge passionn\u00e9(e), \u00e0 d\u00e9velopper, piloter, et fid\u00e9liser un portefeuille de clients d\u00e9di\u00e9 que vous conseillez sur des probl\u00e9matiques de communication globale dans l\u2019univers du Luxe.<br \/> \t\tD\u00e9velopper et fid\u00e9liser un portefeuille de clients<br \/> \t\tParticiper aux actions de prospection de l\u2019agence<br \/> \t\tInitier les r\u00e9flexions strat\u00e9giques en analysant le brief, diagnostiquant son enjeu et ses perspectives, conseiller et recommander la strat\u00e9gie on et off-line et son plan d\u2019actions&#8230;<\/p>\n","protected":false},"author":1,"featured_media":0,"comment_status":"closed","ping_status":"closed","sticky":false,"template":"elementor_header_footer","format":"standard","meta":{"footnotes":""},"categories":[14],"tags":[],"class_list":["post-1200","post","type-post","status-publish","format-standard","hentry","category-talents"],"yoast_head":"<!-- This site is optimized with the Yoast SEO plugin v27.4 - https:\/\/yoast.com\/product\/yoast-seo-wordpress\/ -->\n<title>CDI - Directeur(rice) \/ Responsable de Client\u00e8le - OMEDIA PARIS<\/title>\n<meta name=\"robots\" content=\"index, follow, max-snippet:-1, max-image-preview:large, max-video-preview:-1\" \/>\n<link rel=\"canonical\" href=\"https:\/\/www.omediaparis.com\/fr\/cdi-directeurrice-responsable-de-clientele\/\" \/>\n<meta property=\"og:locale\" content=\"fr_FR\" \/>\n<meta property=\"og:type\" content=\"article\" \/>\n<meta property=\"og:title\" content=\"CDI - Directeur(rice) \/ Responsable de Client\u00e8le - OMEDIA PARIS\" \/>\n<meta property=\"og:description\" content=\"Rattach\u00e9(e) \u00e0 la Direction, vous serez amen\u00e9(e) en v\u00e9ritable strat\u00e8ge passionn\u00e9(e), \u00e0 d\u00e9velopper, piloter, et fid\u00e9liser un portefeuille de clients d\u00e9di\u00e9 que vous conseillez sur des probl\u00e9matiques de communication globale dans l\u2019univers du Luxe.  D\u00e9velopper et fid\u00e9liser un portefeuille de clients  Participer aux actions de prospection de l\u2019agence  Initier les r\u00e9flexions strat\u00e9giques en analysant le brief, diagnostiquant son enjeu et ses perspectives, conseiller et recommander la strat\u00e9gie on et off-line et son plan d\u2019actions...\" \/>\n<meta property=\"og:url\" content=\"https:\/\/www.omediaparis.com\/fr\/cdi-directeurrice-responsable-de-clientele\/\" \/>\n<meta property=\"og:site_name\" content=\"OMEDIA PARIS\" \/>\n<meta property=\"article:published_time\" content=\"2021-12-15T11:55:47+00:00\" \/>\n<meta property=\"article:modified_time\" content=\"2024-05-01T23:06:59+00:00\" \/>\n<meta name=\"author\" content=\"OmediaAdmin\" \/>\n<meta name=\"twitter:card\" content=\"summary_large_image\" \/>\n<meta name=\"twitter:label1\" content=\"\u00c9crit par\" \/>\n\t<meta name=\"twitter:data1\" content=\"OmediaAdmin\" \/>\n\t<meta name=\"twitter:label2\" content=\"Dur\u00e9e de lecture estim\u00e9e\" \/>\n\t<meta name=\"twitter:data2\" content=\"4 minutes\" \/>\n<script type=\"application\/ld+json\" class=\"yoast-schema-graph\">{\"@context\":\"https:\\\/\\\/schema.org\",\"@graph\":[{\"@type\":\"Article\",\"@id\":\"https:\\\/\\\/www.omediaparis.com\\\/fr\\\/cdi-directeurrice-responsable-de-clientele\\\/#article\",\"isPartOf\":{\"@id\":\"https:\\\/\\\/www.omediaparis.com\\\/fr\\\/cdi-directeurrice-responsable-de-clientele\\\/\"},\"author\":{\"name\":\"OmediaAdmin\",\"@id\":\"https:\\\/\\\/www.omediaparis.com\\\/fr\\\/#\\\/schema\\\/person\\\/c67d854c40e8c476cc72d5987c35b7af\"},\"headline\":\"CDI &#8211; Directeur(rice) \\\/ Responsable de Client\u00e8le\",\"datePublished\":\"2021-12-15T11:55:47+00:00\",\"dateModified\":\"2024-05-01T23:06:59+00:00\",\"mainEntityOfPage\":{\"@id\":\"https:\\\/\\\/www.omediaparis.com\\\/fr\\\/cdi-directeurrice-responsable-de-clientele\\\/\"},\"wordCount\":508,\"publisher\":{\"@id\":\"https:\\\/\\\/www.omediaparis.com\\\/fr\\\/#organization\"},\"articleSection\":[\"Talents\"],\"inLanguage\":\"fr-FR\"},{\"@type\":\"WebPage\",\"@id\":\"https:\\\/\\\/www.omediaparis.com\\\/fr\\\/cdi-directeurrice-responsable-de-clientele\\\/\",\"url\":\"https:\\\/\\\/www.omediaparis.com\\\/fr\\\/cdi-directeurrice-responsable-de-clientele\\\/\",\"name\":\"CDI - Directeur(rice) \\\/ Responsable de Client\u00e8le - OMEDIA PARIS\",\"isPartOf\":{\"@id\":\"https:\\\/\\\/www.omediaparis.com\\\/fr\\\/#website\"},\"datePublished\":\"2021-12-15T11:55:47+00:00\",\"dateModified\":\"2024-05-01T23:06:59+00:00\",\"breadcrumb\":{\"@id\":\"https:\\\/\\\/www.omediaparis.com\\\/fr\\\/cdi-directeurrice-responsable-de-clientele\\\/#breadcrumb\"},\"inLanguage\":\"fr-FR\",\"potentialAction\":[{\"@type\":\"ReadAction\",\"target\":[\"https:\\\/\\\/www.omediaparis.com\\\/fr\\\/cdi-directeurrice-responsable-de-clientele\\\/\"]}]},{\"@type\":\"BreadcrumbList\",\"@id\":\"https:\\\/\\\/www.omediaparis.com\\\/fr\\\/cdi-directeurrice-responsable-de-clientele\\\/#breadcrumb\",\"itemListElement\":[{\"@type\":\"ListItem\",\"position\":1,\"name\":\"Accueil\",\"item\":\"https:\\\/\\\/www.omediaparis.com\\\/fr\\\/\"},{\"@type\":\"ListItem\",\"position\":2,\"name\":\"CDI &#8211; Directeur(rice) \\\/ Responsable de Client\u00e8le\"}]},{\"@type\":\"WebSite\",\"@id\":\"https:\\\/\\\/www.omediaparis.com\\\/fr\\\/#website\",\"url\":\"https:\\\/\\\/www.omediaparis.com\\\/fr\\\/\",\"name\":\"OMEDIA PARIS\",\"description\":\"Agence de Communication Luxe\",\"publisher\":{\"@id\":\"https:\\\/\\\/www.omediaparis.com\\\/fr\\\/#organization\"},\"potentialAction\":[{\"@type\":\"SearchAction\",\"target\":{\"@type\":\"EntryPoint\",\"urlTemplate\":\"https:\\\/\\\/www.omediaparis.com\\\/fr\\\/?s={search_term_string}\"},\"query-input\":{\"@type\":\"PropertyValueSpecification\",\"valueRequired\":true,\"valueName\":\"search_term_string\"}}],\"inLanguage\":\"fr-FR\"},{\"@type\":\"Organization\",\"@id\":\"https:\\\/\\\/www.omediaparis.com\\\/fr\\\/#organization\",\"name\":\"OMEDIA\",\"url\":\"https:\\\/\\\/www.omediaparis.com\\\/fr\\\/\",\"logo\":{\"@type\":\"ImageObject\",\"inLanguage\":\"fr-FR\",\"@id\":\"https:\\\/\\\/www.omediaparis.com\\\/fr\\\/#\\\/schema\\\/logo\\\/image\\\/\",\"url\":\"https:\\\/\\\/www.omediaparis.com\\\/wp-content\\\/uploads\\\/2024\\\/03\\\/logo-omedia.png\",\"contentUrl\":\"https:\\\/\\\/www.omediaparis.com\\\/wp-content\\\/uploads\\\/2024\\\/03\\\/logo-omedia.png\",\"width\":828,\"height\":220,\"caption\":\"OMEDIA\"},\"image\":{\"@id\":\"https:\\\/\\\/www.omediaparis.com\\\/fr\\\/#\\\/schema\\\/logo\\\/image\\\/\"},\"sameAs\":[\"https:\\\/\\\/www.instagram.com\\\/omediaparis\\\/\",\"https:\\\/\\\/www.linkedin.com\\\/company\\\/omedia\\\/\"]},{\"@type\":\"Person\",\"@id\":\"https:\\\/\\\/www.omediaparis.com\\\/fr\\\/#\\\/schema\\\/person\\\/c67d854c40e8c476cc72d5987c35b7af\",\"name\":\"OmediaAdmin\",\"image\":{\"@type\":\"ImageObject\",\"inLanguage\":\"fr-FR\",\"@id\":\"https:\\\/\\\/secure.gravatar.com\\\/avatar\\\/309347cbd1b1ad2f15b93cf67c5bb2b4a948c716ba4f3ce63259e5a315144f8c?s=96&d=mm&r=g\",\"url\":\"https:\\\/\\\/secure.gravatar.com\\\/avatar\\\/309347cbd1b1ad2f15b93cf67c5bb2b4a948c716ba4f3ce63259e5a315144f8c?s=96&d=mm&r=g\",\"contentUrl\":\"https:\\\/\\\/secure.gravatar.com\\\/avatar\\\/309347cbd1b1ad2f15b93cf67c5bb2b4a948c716ba4f3ce63259e5a315144f8c?s=96&d=mm&r=g\",\"caption\":\"OmediaAdmin\"},\"sameAs\":[\"https:\\\/\\\/www.omediaparis.com\"]}]}<\/script>\n<!-- \/ Yoast SEO plugin. -->","yoast_head_json":{"title":"CDI - Directeur(rice) \/ Responsable de Client\u00e8le - OMEDIA PARIS","robots":{"index":"index","follow":"follow","max-snippet":"max-snippet:-1","max-image-preview":"max-image-preview:large","max-video-preview":"max-video-preview:-1"},"canonical":"https:\/\/www.omediaparis.com\/fr\/cdi-directeurrice-responsable-de-clientele\/","og_locale":"fr_FR","og_type":"article","og_title":"CDI - Directeur(rice) \/ Responsable de Client\u00e8le - OMEDIA PARIS","og_description":"Rattach\u00e9(e) \u00e0 la Direction, vous serez amen\u00e9(e) en v\u00e9ritable strat\u00e8ge passionn\u00e9(e), \u00e0 d\u00e9velopper, piloter, et fid\u00e9liser un portefeuille de clients d\u00e9di\u00e9 que vous conseillez sur des probl\u00e9matiques de communication globale dans l\u2019univers du Luxe.  D\u00e9velopper et fid\u00e9liser un portefeuille de clients  Participer aux actions de prospection de l\u2019agence  Initier les r\u00e9flexions strat\u00e9giques en analysant le brief, diagnostiquant son enjeu et ses perspectives, conseiller et recommander la strat\u00e9gie on et off-line et son plan d\u2019actions...","og_url":"https:\/\/www.omediaparis.com\/fr\/cdi-directeurrice-responsable-de-clientele\/","og_site_name":"OMEDIA PARIS","article_published_time":"2021-12-15T11:55:47+00:00","article_modified_time":"2024-05-01T23:06:59+00:00","author":"OmediaAdmin","twitter_card":"summary_large_image","twitter_misc":{"\u00c9crit par":"OmediaAdmin","Dur\u00e9e de lecture estim\u00e9e":"4 minutes"},"schema":{"@context":"https:\/\/schema.org","@graph":[{"@type":"Article","@id":"https:\/\/www.omediaparis.com\/fr\/cdi-directeurrice-responsable-de-clientele\/#article","isPartOf":{"@id":"https:\/\/www.omediaparis.com\/fr\/cdi-directeurrice-responsable-de-clientele\/"},"author":{"name":"OmediaAdmin","@id":"https:\/\/www.omediaparis.com\/fr\/#\/schema\/person\/c67d854c40e8c476cc72d5987c35b7af"},"headline":"CDI &#8211; Directeur(rice) \/ Responsable de Client\u00e8le","datePublished":"2021-12-15T11:55:47+00:00","dateModified":"2024-05-01T23:06:59+00:00","mainEntityOfPage":{"@id":"https:\/\/www.omediaparis.com\/fr\/cdi-directeurrice-responsable-de-clientele\/"},"wordCount":508,"publisher":{"@id":"https:\/\/www.omediaparis.com\/fr\/#organization"},"articleSection":["Talents"],"inLanguage":"fr-FR"},{"@type":"WebPage","@id":"https:\/\/www.omediaparis.com\/fr\/cdi-directeurrice-responsable-de-clientele\/","url":"https:\/\/www.omediaparis.com\/fr\/cdi-directeurrice-responsable-de-clientele\/","name":"CDI - Directeur(rice) \/ Responsable de Client\u00e8le - OMEDIA PARIS","isPartOf":{"@id":"https:\/\/www.omediaparis.com\/fr\/#website"},"datePublished":"2021-12-15T11:55:47+00:00","dateModified":"2024-05-01T23:06:59+00:00","breadcrumb":{"@id":"https:\/\/www.omediaparis.com\/fr\/cdi-directeurrice-responsable-de-clientele\/#breadcrumb"},"inLanguage":"fr-FR","potentialAction":[{"@type":"ReadAction","target":["https:\/\/www.omediaparis.com\/fr\/cdi-directeurrice-responsable-de-clientele\/"]}]},{"@type":"BreadcrumbList","@id":"https:\/\/www.omediaparis.com\/fr\/cdi-directeurrice-responsable-de-clientele\/#breadcrumb","itemListElement":[{"@type":"ListItem","position":1,"name":"Accueil","item":"https:\/\/www.omediaparis.com\/fr\/"},{"@type":"ListItem","position":2,"name":"CDI &#8211; Directeur(rice) \/ Responsable de Client\u00e8le"}]},{"@type":"WebSite","@id":"https:\/\/www.omediaparis.com\/fr\/#website","url":"https:\/\/www.omediaparis.com\/fr\/","name":"OMEDIA PARIS","description":"Agence de Communication Luxe","publisher":{"@id":"https:\/\/www.omediaparis.com\/fr\/#organization"},"potentialAction":[{"@type":"SearchAction","target":{"@type":"EntryPoint","urlTemplate":"https:\/\/www.omediaparis.com\/fr\/?s={search_term_string}"},"query-input":{"@type":"PropertyValueSpecification","valueRequired":true,"valueName":"search_term_string"}}],"inLanguage":"fr-FR"},{"@type":"Organization","@id":"https:\/\/www.omediaparis.com\/fr\/#organization","name":"OMEDIA","url":"https:\/\/www.omediaparis.com\/fr\/","logo":{"@type":"ImageObject","inLanguage":"fr-FR","@id":"https:\/\/www.omediaparis.com\/fr\/#\/schema\/logo\/image\/","url":"https:\/\/www.omediaparis.com\/wp-content\/uploads\/2024\/03\/logo-omedia.png","contentUrl":"https:\/\/www.omediaparis.com\/wp-content\/uploads\/2024\/03\/logo-omedia.png","width":828,"height":220,"caption":"OMEDIA"},"image":{"@id":"https:\/\/www.omediaparis.com\/fr\/#\/schema\/logo\/image\/"},"sameAs":["https:\/\/www.instagram.com\/omediaparis\/","https:\/\/www.linkedin.com\/company\/omedia\/"]},{"@type":"Person","@id":"https:\/\/www.omediaparis.com\/fr\/#\/schema\/person\/c67d854c40e8c476cc72d5987c35b7af","name":"OmediaAdmin","image":{"@type":"ImageObject","inLanguage":"fr-FR","@id":"https:\/\/secure.gravatar.com\/avatar\/309347cbd1b1ad2f15b93cf67c5bb2b4a948c716ba4f3ce63259e5a315144f8c?s=96&d=mm&r=g","url":"https:\/\/secure.gravatar.com\/avatar\/309347cbd1b1ad2f15b93cf67c5bb2b4a948c716ba4f3ce63259e5a315144f8c?s=96&d=mm&r=g","contentUrl":"https:\/\/secure.gravatar.com\/avatar\/309347cbd1b1ad2f15b93cf67c5bb2b4a948c716ba4f3ce63259e5a315144f8c?s=96&d=mm&r=g","caption":"OmediaAdmin"},"sameAs":["https:\/\/www.omediaparis.com"]}]}},"_links":{"self":[{"href":"https:\/\/www.omediaparis.com\/fr\/wp-json\/wp\/v2\/posts\/1200","targetHints":{"allow":["GET"]}}],"collection":[{"href":"https:\/\/www.omediaparis.com\/fr\/wp-json\/wp\/v2\/posts"}],"about":[{"href":"https:\/\/www.omediaparis.com\/fr\/wp-json\/wp\/v2\/types\/post"}],"author":[{"embeddable":true,"href":"https:\/\/www.omediaparis.com\/fr\/wp-json\/wp\/v2\/users\/1"}],"replies":[{"embeddable":true,"href":"https:\/\/www.omediaparis.com\/fr\/wp-json\/wp\/v2\/comments?post=1200"}],"version-history":[{"count":0,"href":"https:\/\/www.omediaparis.com\/fr\/wp-json\/wp\/v2\/posts\/1200\/revisions"}],"wp:attachment":[{"href":"https:\/\/www.omediaparis.com\/fr\/wp-json\/wp\/v2\/media?parent=1200"}],"wp:term":[{"taxonomy":"category","embeddable":true,"href":"https:\/\/www.omediaparis.com\/fr\/wp-json\/wp\/v2\/categories?post=1200"},{"taxonomy":"post_tag","embeddable":true,"href":"https:\/\/www.omediaparis.com\/fr\/wp-json\/wp\/v2\/tags?post=1200"}],"curies":[{"name":"wp","href":"https:\/\/api.w.org\/{rel}","templated":true}]}}